{"id":10810,"date":"2024-09-25T09:22:39","date_gmt":"2024-09-25T12:22:39","guid":{"rendered":"http:\/\/etchegoyen.cl\/casacentral\/?p=10810"},"modified":"2024-09-25T09:28:59","modified_gmt":"2024-09-25T12:28:59","slug":"conversatorio-para-que-sirven-las-memorias-por-el-profesor-danny-monsalves","status":"publish","type":"post","link":"http:\/\/etchegoyen.cl\/casacentral\/2024\/09\/25\/conversatorio-para-que-sirven-las-memorias-por-el-profesor-danny-monsalves\/","title":{"rendered":"CONVERSATORIO \u00bfPARA QU\u00c9 SIRVEN LAS MEMORIAS? POR EL PROFESOR DANNY MONS\u00c1LVES"},"content":{"rendered":"<p>[vc_row][vc_column][vc_column_text]<\/p>\n<div dir=\"auto\" style=\"text-align: justify;\">En el marco de las actividades del mes de la Memoria y la Democracia dadas por el Ministerio de Educaci\u00f3n, se organiz\u00f3 por el Plan de Formaci\u00f3n Ciudadana y el Departamento de Historia del Colegio Etchegoyen casa central, el Conversatorio titulado &#8220;\u00bfPara qu\u00e9 sirven las memorias?&#8221; dado por el acad\u00e9mico de la Universidad de Concepci\u00f3n y doctor en Historia, Danny Mons\u00e1lvez Araneda.<\/div>\n<div dir=\"auto\" style=\"text-align: justify;\"><\/div>\n<div dir=\"auto\" style=\"text-align: justify;\">La actividad se realiz\u00f3 este lunes 23 de septiembre, en el auditorio de nuestro establecimiento y cont\u00f3 con la presencia de estudiantes de 4to medio a quienes se les imparte la asignatura de Educaci\u00f3n Ciudadana, adem\u00e1s de docentes y directivos del Colegio.<\/div>\n<p>[\/vc_column_text][vc_gallery type=&#8221;image_grid&#8221; images=&#8221;10814,10815,10817,10818,10819,10820,10821,10823&#8243;][\/vc_column][\/vc_row]<\/p>\n","protected":false},"excerpt":{"rendered":"<p>[vc_row][vc_column][vc_column_text] En el marco de las actividades del mes de la Memoria y la Democracia dadas por el Ministerio de Educaci\u00f3n, se organiz\u00f3 por el Plan de Formaci\u00f3n&#8230;<\/p>\n","protected":false},"author":1,"featured_media":0,"comment_status":"closed","ping_status":"closed","sticky":false,"template":"","format":"standard","meta":{"footnotes":"","_links_to":"","_links_to_target":""},"categories":[55],"tags":[],"class_list":["post-10810","post","type-post","status-publish","format-standard","hentry","category-noticias"],"_links":{"self":[{"href":"http:\/\/etchegoyen.cl\/casacentral\/wp-json\/wp\/v2\/posts\/10810","targetHints":{"allow":["GET"]}}],"collection":[{"href":"http:\/\/etchegoyen.cl\/casacentral\/wp-json\/wp\/v2\/posts"}],"about":[{"href":"http:\/\/etchegoyen.cl\/casacentral\/wp-json\/wp\/v2\/types\/post"}],"author":[{"embeddable":true,"href":"http:\/\/etchegoyen.cl\/casacentral\/wp-json\/wp\/v2\/users\/1"}],"replies":[{"embeddable":true,"href":"http:\/\/etchegoyen.cl\/casacentral\/wp-json\/wp\/v2\/comments?post=10810"}],"version-history":[{"count":4,"href":"http:\/\/etchegoyen.cl\/casacentral\/wp-json\/wp\/v2\/posts\/10810\/revisions"}],"predecessor-version":[{"id":10824,"href":"http:\/\/etchegoyen.cl\/casacentral\/wp-json\/wp\/v2\/posts\/10810\/revisions\/10824"}],"wp:attachment":[{"href":"http:\/\/etchegoyen.cl\/casacentral\/wp-json\/wp\/v2\/media?parent=10810"}],"wp:term":[{"taxonomy":"category","embeddable":true,"href":"http:\/\/etchegoyen.cl\/casacentral\/wp-json\/wp\/v2\/categories?post=10810"},{"taxonomy":"post_tag","embeddable":true,"href":"http:\/\/etchegoyen.cl\/casacentral\/wp-json\/wp\/v2\/tags?post=10810"}],"curies":[{"name":"wp","href":"https:\/\/api.w.org\/{rel}","templated":true}]}}