{"id":11944,"date":"2025-04-07T09:03:59","date_gmt":"2025-04-07T13:03:59","guid":{"rendered":"http:\/\/etchegoyen.cl\/casacentral\/?p=11944"},"modified":"2025-04-07T09:10:37","modified_gmt":"2025-04-07T13:10:37","slug":"conmemoracion-dia-mundial-del-autismo","status":"publish","type":"post","link":"http:\/\/etchegoyen.cl\/casacentral\/2025\/04\/07\/conmemoracion-dia-mundial-del-autismo\/","title":{"rendered":"CONMEMORACI\u00d3N D\u00cdA MUNDIAL DEL AUTISMO"},"content":{"rendered":"<p>[vc_row][vc_column][vc_column_text]En conmemoraci\u00f3n del D\u00eda Mundial del Autismo nuestros estudiantes junto a docentes concientizan la importancia de respetar, comprender, tolerar e incluir en nuestras aulas y sociedad a las personas con la condici\u00f3n de autismo, a partir de la creaci\u00f3n de un mural con el s\u00edmbolo del infinito de colores, que representa la diversidad de personas con autismo, que son \u00fanicas e irrepetibles al igual que todos.[\/vc_column_text][vc_gallery type=&#8221;image_grid&#8221; images=&#8221;11947,11948,11949,11950,11951,11952,11953,11954&#8243;][\/vc_column][\/vc_row]<\/p>\n","protected":false},"excerpt":{"rendered":"<p>[vc_row][vc_column][vc_column_text]En conmemoraci\u00f3n del D\u00eda Mundial del Autismo nuestros estudiantes junto a docentes concientizan la importancia de respetar, comprender, tolerar e incluir en nuestras aulas y sociedad a las&#8230;<\/p>\n","protected":false},"author":1,"featured_media":0,"comment_status":"closed","ping_status":"closed","sticky":false,"template":"","format":"standard","meta":{"footnotes":"","_links_to":"","_links_to_target":""},"categories":[55],"tags":[],"class_list":["post-11944","post","type-post","status-publish","format-standard","hentry","category-noticias"],"_links":{"self":[{"href":"http:\/\/etchegoyen.cl\/casacentral\/wp-json\/wp\/v2\/posts\/11944","targetHints":{"allow":["GET"]}}],"collection":[{"href":"http:\/\/etchegoyen.cl\/casacentral\/wp-json\/wp\/v2\/posts"}],"about":[{"href":"http:\/\/etchegoyen.cl\/casacentral\/wp-json\/wp\/v2\/types\/post"}],"author":[{"embeddable":true,"href":"http:\/\/etchegoyen.cl\/casacentral\/wp-json\/wp\/v2\/users\/1"}],"replies":[{"embeddable":true,"href":"http:\/\/etchegoyen.cl\/casacentral\/wp-json\/wp\/v2\/comments?post=11944"}],"version-history":[{"count":3,"href":"http:\/\/etchegoyen.cl\/casacentral\/wp-json\/wp\/v2\/posts\/11944\/revisions"}],"predecessor-version":[{"id":11956,"href":"http:\/\/etchegoyen.cl\/casacentral\/wp-json\/wp\/v2\/posts\/11944\/revisions\/11956"}],"wp:attachment":[{"href":"http:\/\/etchegoyen.cl\/casacentral\/wp-json\/wp\/v2\/media?parent=11944"}],"wp:term":[{"taxonomy":"category","embeddable":true,"href":"http:\/\/etchegoyen.cl\/casacentral\/wp-json\/wp\/v2\/categories?post=11944"},{"taxonomy":"post_tag","embeddable":true,"href":"http:\/\/etchegoyen.cl\/casacentral\/wp-json\/wp\/v2\/tags?post=11944"}],"curies":[{"name":"wp","href":"https:\/\/api.w.org\/{rel}","templated":true}]}}