{"id":11959,"date":"2025-04-07T16:24:08","date_gmt":"2025-04-07T20:24:08","guid":{"rendered":"http:\/\/etchegoyen.cl\/casacentral\/?p=11959"},"modified":"2025-04-07T16:28:35","modified_gmt":"2025-04-07T20:28:35","slug":"proceso-se-vacunacion-escolar-contra-la-influenza-2025","status":"publish","type":"post","link":"http:\/\/etchegoyen.cl\/casacentral\/2025\/04\/07\/proceso-se-vacunacion-escolar-contra-la-influenza-2025\/","title":{"rendered":"PROCESO SE VACUNACI\u00d3N ESCOLAR CONTRA LA INFLUENZA 2025"},"content":{"rendered":"<p>[vc_row][vc_column][vc_column_text]<\/p>\n<p style=\"font-weight: 400; text-align: justify;\"><em>&#8220;E<\/em><em>stimados(as) padres, madres y\/o apoderados(as), se informa\u00a0que se ha dado inicio a la campa\u00f1a de\u00a0vacunaci\u00f3n\u00a0contra la Influenza 2025, donde parte de la poblaci\u00f3n objetivo son los ni\u00f1os desde los 6 meses hasta escolares que cursan 5to b\u00e1sico (independiente su edad) y funcionarios.\u00a0<\/em><\/p>\n<p style=\"text-align: justify;\"><em>Esta es una medida rutinaria, instruida por la autoridad de Salud P\u00fablica y su aplicaci\u00f3n tiene car\u00e1cter<strong>\u00a0OBLIGATORIO,\u00a0<\/strong>por lo que\u00a0<strong>NO REQUIERE<\/strong>\u00a0de\u00a0la autorizaci\u00f3n por medio de firma de consentimiento informado.<\/em><\/p>\n<p style=\"text-align: justify;\"><em>Por lo anterior, se ha dispuesto la\u00a0vacunaci\u00f3n\u00a0en\u00a0el\u00a0establecimiento, desde\u00a0\u00a0Pre Kinder a 5to b\u00e1sico.\u00a0<\/em><\/p>\n<p style=\"text-align: justify;\"><em>\u00a0\u00a0<\/em><\/p>\n<p style=\"text-align: justify;\"><em><strong>FECHA DE VACUNACI\u00d3N: 14 Y 15 DE ABRIL 2025, DE 08:30 A 12:30 HRS.\u00a0<\/strong><br \/>\n<\/em><\/p>\n<p style=\"text-align: justify;\"><em>LUNES 14 DE ABRIL PRE KINDER A, A 5\u00b0 B\u00c1SICO A.<br \/>\n<\/em><\/p>\n<p style=\"text-align: justify;\"><em>MARTES 15 DE ABRIL PRE KINDER B, A 5\u00b0 B\u00c1SICO B&#8221;<\/em><\/p>\n<p>&nbsp;<\/p>\n<p>[\/vc_column_text][vc_btn title=&#8221;CARTA INFLUENZA 2025&#8243; color=&#8221;success&#8221; i_icon_fontawesome=&#8221;fas fa-stethoscope&#8221; add_icon=&#8221;true&#8221; link=&#8221;url:http%3A%2F%2Fetchegoyen.cl%2Fcasacentral%2Fwp-content%2Fuploads%2F2025%2F04%2FCarta-influenza-2025.pdf|target:_blank&#8221;][\/vc_column][\/vc_row]<\/p>\n","protected":false},"excerpt":{"rendered":"<p>[vc_row][vc_column][vc_column_text] &#8220;Estimados(as) padres, madres y\/o apoderados(as), se informa\u00a0que se ha dado inicio a la campa\u00f1a de\u00a0vacunaci\u00f3n\u00a0contra la Influenza 2025, donde parte de la poblaci\u00f3n objetivo son los ni\u00f1os&#8230;<\/p>\n","protected":false},"author":1,"featured_media":0,"comment_status":"closed","ping_status":"closed","sticky":false,"template":"","format":"standard","meta":{"footnotes":"","_links_to":"","_links_to_target":""},"categories":[55],"tags":[],"class_list":["post-11959","post","type-post","status-publish","format-standard","hentry","category-noticias"],"_links":{"self":[{"href":"http:\/\/etchegoyen.cl\/casacentral\/wp-json\/wp\/v2\/posts\/11959","targetHints":{"allow":["GET"]}}],"collection":[{"href":"http:\/\/etchegoyen.cl\/casacentral\/wp-json\/wp\/v2\/posts"}],"about":[{"href":"http:\/\/etchegoyen.cl\/casacentral\/wp-json\/wp\/v2\/types\/post"}],"author":[{"embeddable":true,"href":"http:\/\/etchegoyen.cl\/casacentral\/wp-json\/wp\/v2\/users\/1"}],"replies":[{"embeddable":true,"href":"http:\/\/etchegoyen.cl\/casacentral\/wp-json\/wp\/v2\/comments?post=11959"}],"version-history":[{"count":3,"href":"http:\/\/etchegoyen.cl\/casacentral\/wp-json\/wp\/v2\/posts\/11959\/revisions"}],"predecessor-version":[{"id":11963,"href":"http:\/\/etchegoyen.cl\/casacentral\/wp-json\/wp\/v2\/posts\/11959\/revisions\/11963"}],"wp:attachment":[{"href":"http:\/\/etchegoyen.cl\/casacentral\/wp-json\/wp\/v2\/media?parent=11959"}],"wp:term":[{"taxonomy":"category","embeddable":true,"href":"http:\/\/etchegoyen.cl\/casacentral\/wp-json\/wp\/v2\/categories?post=11959"},{"taxonomy":"post_tag","embeddable":true,"href":"http:\/\/etchegoyen.cl\/casacentral\/wp-json\/wp\/v2\/tags?post=11959"}],"curies":[{"name":"wp","href":"https:\/\/api.w.org\/{rel}","templated":true}]}}