{"id":11993,"date":"2025-04-08T12:04:00","date_gmt":"2025-04-08T16:04:00","guid":{"rendered":"http:\/\/etchegoyen.cl\/casacentral\/?p=11993"},"modified":"2025-04-10T09:38:02","modified_gmt":"2025-04-10T13:38:02","slug":"acto-inaugural-del-pme-de-educacion-parvularia-2025","status":"publish","type":"post","link":"http:\/\/etchegoyen.cl\/casacentral\/2025\/04\/08\/acto-inaugural-del-pme-de-educacion-parvularia-2025\/","title":{"rendered":"ACTO INAUGURAL DEL PME DE EDUCACI\u00d3N PARVULARIA 2025"},"content":{"rendered":"<p>[vc_row][vc_column][vc_column_text]<\/p>\n<p style=\"text-align: justify;\">El nivel parvulario da inicio al Plan de Mejoramiento de Educaci\u00f3n para este a\u00f1o escolar, centrado en el fortalecimiento de los procesos sociales y culturales, d\u00e1ndolo a conocer formalmente en una emotiva ceremonia.<br \/>\nDurante el acto, se enton\u00f3 con orgullo el himno nacional y el himno de nuestro colegio, reafirmando nuestra identidad y compromiso con la educaci\u00f3n. Adem\u00e1s, disfrutamos de hermosas presentaciones por parte de los estudiantes de K\u00ednder B, con la poes\u00eda \u201cFall Leaves\u201d, y K\u00ednder A, con la dramatizaci\u00f3n \u201cLa cuncuna amarilla\u201d del grupo Mazap\u00e1n.<\/p>\n<p style=\"text-align: justify;\">El evento culmin\u00f3 con las palabras del Jefe de la Unidad T\u00e9cnica Pedag\u00f3gica, quien nos motiv\u00f3 a seguir trabajando con compromiso y vocaci\u00f3n.<\/p>\n<p>[\/vc_column_text][vc_gallery type=&#8221;image_grid&#8221; images=&#8221;11997,11998,11999,12000,12001,12002,12003,12004&#8243;][\/vc_column][\/vc_row]<\/p>\n","protected":false},"excerpt":{"rendered":"<p>[vc_row][vc_column][vc_column_text] El nivel parvulario da inicio al Plan de Mejoramiento de Educaci\u00f3n para este a\u00f1o escolar, centrado en el fortalecimiento de los procesos sociales y culturales, d\u00e1ndolo a&#8230;<\/p>\n","protected":false},"author":1,"featured_media":0,"comment_status":"closed","ping_status":"closed","sticky":false,"template":"","format":"standard","meta":{"footnotes":"","_links_to":"","_links_to_target":""},"categories":[55],"tags":[],"class_list":["post-11993","post","type-post","status-publish","format-standard","hentry","category-noticias"],"_links":{"self":[{"href":"http:\/\/etchegoyen.cl\/casacentral\/wp-json\/wp\/v2\/posts\/11993","targetHints":{"allow":["GET"]}}],"collection":[{"href":"http:\/\/etchegoyen.cl\/casacentral\/wp-json\/wp\/v2\/posts"}],"about":[{"href":"http:\/\/etchegoyen.cl\/casacentral\/wp-json\/wp\/v2\/types\/post"}],"author":[{"embeddable":true,"href":"http:\/\/etchegoyen.cl\/casacentral\/wp-json\/wp\/v2\/users\/1"}],"replies":[{"embeddable":true,"href":"http:\/\/etchegoyen.cl\/casacentral\/wp-json\/wp\/v2\/comments?post=11993"}],"version-history":[{"count":3,"href":"http:\/\/etchegoyen.cl\/casacentral\/wp-json\/wp\/v2\/posts\/11993\/revisions"}],"predecessor-version":[{"id":12005,"href":"http:\/\/etchegoyen.cl\/casacentral\/wp-json\/wp\/v2\/posts\/11993\/revisions\/12005"}],"wp:attachment":[{"href":"http:\/\/etchegoyen.cl\/casacentral\/wp-json\/wp\/v2\/media?parent=11993"}],"wp:term":[{"taxonomy":"category","embeddable":true,"href":"http:\/\/etchegoyen.cl\/casacentral\/wp-json\/wp\/v2\/categories?post=11993"},{"taxonomy":"post_tag","embeddable":true,"href":"http:\/\/etchegoyen.cl\/casacentral\/wp-json\/wp\/v2\/tags?post=11993"}],"curies":[{"name":"wp","href":"https:\/\/api.w.org\/{rel}","templated":true}]}}