{"id":12081,"date":"2025-04-15T07:59:15","date_gmt":"2025-04-15T11:59:15","guid":{"rendered":"http:\/\/etchegoyen.cl\/casacentral\/?p=12081"},"modified":"2025-04-15T08:02:36","modified_gmt":"2025-04-15T12:02:36","slug":"comse-visita-dependencias-para-fomentar-la-colaboracion-entre-salud-y-educacion","status":"publish","type":"post","link":"http:\/\/etchegoyen.cl\/casacentral\/2025\/04\/15\/comse-visita-dependencias-para-fomentar-la-colaboracion-entre-salud-y-educacion\/","title":{"rendered":"COMSE VISITA DEPENDENCIAS PARA FOMENTAR LA COLABORACI\u00d3N ENTRE SALUD Y EDUCACI\u00d3N"},"content":{"rendered":"<p>[vc_row][vc_column][vc_column_text]<\/p>\n<div class=\"x11i5rnm xat24cr x1mh8g0r x1vvkbs xtlvy1s x126k92a\">\n<div dir=\"auto\" style=\"text-align: justify;\">Se realiz\u00f3 el jueves 10 de abril, la primera reuni\u00f3n COMSE Talcahuano del a\u00f1o en el establecimiento. La COMSE es la Comisi\u00f3n Mixta de Salud y Educaci\u00f3n que busca fomentar la colaboraci\u00f3n entre salud y educaci\u00f3n para abordar de manera integral las necesidades de los\/las estudiantes y la comunidad educativa, promoviendo estrategias para mejorar la salud mental, fomentar la actividad f\u00edsica, promover h\u00e1bitos de vida saludables, entre otras acciones a desarrollar durante el a\u00f1o.<\/div>\n<div dir=\"auto\" style=\"text-align: justify;\"><\/div>\n<\/div>\n<div class=\"x11i5rnm xat24cr x1mh8g0r x1vvkbs xtlvy1s x126k92a\" style=\"text-align: justify;\">\n<div dir=\"auto\">La Comse es una mesa cuyo liderazgo es itinerante, por lo que este a\u00f1o SALUD lidera tomando la presidencia y DAEM asume la secretar\u00eda, lo que sin duda no interfiere en el trabajo colaborativo que se desarrolla hace a\u00f1os.<\/div>\n<div dir=\"auto\"><\/div>\n<\/div>\n<div class=\"x11i5rnm xat24cr x1mh8g0r x1vvkbs xtlvy1s x126k92a\" style=\"text-align: justify;\">\n<div dir=\"auto\">Uno de los principales desaf\u00edos para este 2025 es sumar a los colegios particulares\/subvencionados en esta hermosa tarea.<\/div>\n<div dir=\"auto\"><\/div>\n<\/div>\n<div class=\"x11i5rnm xat24cr x1mh8g0r x1vvkbs xtlvy1s x126k92a\">\n<div dir=\"auto\" style=\"text-align: justify;\">Est\u00e1 actividad estuvo organizada por la trabajadora social Licci Vigueras Sep\u00falveda.<\/div>\n<\/div>\n<p>[\/vc_column_text][vc_gallery type=&#8221;image_grid&#8221; images=&#8221;12092,12093,12094,12095,12096,12097,12098,12099&#8243;][\/vc_column][\/vc_row]<\/p>\n","protected":false},"excerpt":{"rendered":"<p>[vc_row][vc_column][vc_column_text] Se realiz\u00f3 el jueves 10 de abril, la primera reuni\u00f3n COMSE Talcahuano del a\u00f1o en el establecimiento. La COMSE es la Comisi\u00f3n Mixta de Salud y Educaci\u00f3n&#8230;<\/p>\n","protected":false},"author":1,"featured_media":0,"comment_status":"closed","ping_status":"closed","sticky":false,"template":"","format":"standard","meta":{"footnotes":"","_links_to":"","_links_to_target":""},"categories":[55],"tags":[],"class_list":["post-12081","post","type-post","status-publish","format-standard","hentry","category-noticias"],"_links":{"self":[{"href":"http:\/\/etchegoyen.cl\/casacentral\/wp-json\/wp\/v2\/posts\/12081","targetHints":{"allow":["GET"]}}],"collection":[{"href":"http:\/\/etchegoyen.cl\/casacentral\/wp-json\/wp\/v2\/posts"}],"about":[{"href":"http:\/\/etchegoyen.cl\/casacentral\/wp-json\/wp\/v2\/types\/post"}],"author":[{"embeddable":true,"href":"http:\/\/etchegoyen.cl\/casacentral\/wp-json\/wp\/v2\/users\/1"}],"replies":[{"embeddable":true,"href":"http:\/\/etchegoyen.cl\/casacentral\/wp-json\/wp\/v2\/comments?post=12081"}],"version-history":[{"count":3,"href":"http:\/\/etchegoyen.cl\/casacentral\/wp-json\/wp\/v2\/posts\/12081\/revisions"}],"predecessor-version":[{"id":12100,"href":"http:\/\/etchegoyen.cl\/casacentral\/wp-json\/wp\/v2\/posts\/12081\/revisions\/12100"}],"wp:attachment":[{"href":"http:\/\/etchegoyen.cl\/casacentral\/wp-json\/wp\/v2\/media?parent=12081"}],"wp:term":[{"taxonomy":"category","embeddable":true,"href":"http:\/\/etchegoyen.cl\/casacentral\/wp-json\/wp\/v2\/categories?post=12081"},{"taxonomy":"post_tag","embeddable":true,"href":"http:\/\/etchegoyen.cl\/casacentral\/wp-json\/wp\/v2\/tags?post=12081"}],"curies":[{"name":"wp","href":"https:\/\/api.w.org\/{rel}","templated":true}]}}