{"id":12106,"date":"2025-04-15T15:16:12","date_gmt":"2025-04-15T19:16:12","guid":{"rendered":"http:\/\/etchegoyen.cl\/casacentral\/?p=12106"},"modified":"2025-04-15T15:41:12","modified_gmt":"2025-04-15T19:41:12","slug":"dia-mundial-de-la-actividad-fisica-2025","status":"publish","type":"post","link":"http:\/\/etchegoyen.cl\/casacentral\/2025\/04\/15\/dia-mundial-de-la-actividad-fisica-2025\/","title":{"rendered":"D\u00cdA MUNDIAL DE LA ACTIVIDAD F\u00cdSICA 2025"},"content":{"rendered":"<p>[vc_row][vc_column][vc_column_text]<\/p>\n<div class=\"x11i5rnm xat24cr x1mh8g0r x1vvkbs xtlvy1s x126k92a\">\n<div dir=\"auto\" style=\"text-align: justify;\">El deporte tiene el poder de cambiar el mundo. Es un derecho fundamental y una poderosa herramienta para fortalecer los lazos sociales y promover el desarrollo sostenible y la paz, as\u00ed como la solidaridad y el respeto para todas las personas.<\/div>\n<div dir=\"auto\" style=\"text-align: justify;\"><\/div>\n<\/div>\n<div class=\"x11i5rnm xat24cr x1mh8g0r x1vvkbs xtlvy1s x126k92a\" style=\"text-align: justify;\">\n<div dir=\"auto\">Es por esto, que el D\u00eda Mundial de la Actividad F\u00edsica, se celebra anualmente el 6 de abril, sirve para reconocer el papel positivo del deporte y la actividad f\u00edsica en las comunidades y en la vida de las personas de todo el mundo.<\/div>\n<div dir=\"auto\"><\/div>\n<\/div>\n<div class=\"x11i5rnm xat24cr x1mh8g0r x1vvkbs xtlvy1s x126k92a\" style=\"text-align: justify;\">\n<div dir=\"auto\">De manera de rendir honor el departamento de educaci\u00f3n f\u00edsica realiz\u00f3 variadas actividades deportivas para los apasionados por el deporte, dentro de estas encontramos entrenamiento funcional, f\u00fatbol, basquetbol etc&#8230;<\/div>\n<div dir=\"auto\"><\/div>\n<\/div>\n<div class=\"x11i5rnm xat24cr x1mh8g0r x1vvkbs xtlvy1s x126k92a\">\n<div dir=\"auto\" style=\"text-align: justify;\">Dichas actividades fueron todo un \u00e9xito y contaron con la participaci\u00f3n no s\u00f3lo de estudiantes, tambi\u00e9n los docentes y asistentes de la educaci\u00f3n disfrutaron de este d\u00eda.<\/div>\n<\/div>\n<p>[\/vc_column_text][vc_gallery type=&#8221;image_grid&#8221; images=&#8221;12110,12111,12112,12113,12114,12115,12116,12120&#8243;][vc_column_text]PARA VER LA GALER\u00cdA COMPLETA PINCHE AQU\u00cd: <a href=\"https:\/\/www.facebook.com\/photo?fbid=2156380711457587&amp;set=pcb.2156382704790721\">https:\/\/www.facebook.com\/photo?fbid=2156380711457587&amp;set=pcb.2156382704790721<\/a>[\/vc_column_text][\/vc_column][\/vc_row]<\/p>\n","protected":false},"excerpt":{"rendered":"<p>[vc_row][vc_column][vc_column_text] El deporte tiene el poder de cambiar el mundo. Es un derecho fundamental y una poderosa herramienta para fortalecer los lazos sociales y promover el desarrollo sostenible&#8230;<\/p>\n","protected":false},"author":1,"featured_media":0,"comment_status":"closed","ping_status":"closed","sticky":false,"template":"","format":"standard","meta":{"footnotes":"","_links_to":"","_links_to_target":""},"categories":[55],"tags":[],"class_list":["post-12106","post","type-post","status-publish","format-standard","hentry","category-noticias"],"_links":{"self":[{"href":"http:\/\/etchegoyen.cl\/casacentral\/wp-json\/wp\/v2\/posts\/12106","targetHints":{"allow":["GET"]}}],"collection":[{"href":"http:\/\/etchegoyen.cl\/casacentral\/wp-json\/wp\/v2\/posts"}],"about":[{"href":"http:\/\/etchegoyen.cl\/casacentral\/wp-json\/wp\/v2\/types\/post"}],"author":[{"embeddable":true,"href":"http:\/\/etchegoyen.cl\/casacentral\/wp-json\/wp\/v2\/users\/1"}],"replies":[{"embeddable":true,"href":"http:\/\/etchegoyen.cl\/casacentral\/wp-json\/wp\/v2\/comments?post=12106"}],"version-history":[{"count":5,"href":"http:\/\/etchegoyen.cl\/casacentral\/wp-json\/wp\/v2\/posts\/12106\/revisions"}],"predecessor-version":[{"id":12121,"href":"http:\/\/etchegoyen.cl\/casacentral\/wp-json\/wp\/v2\/posts\/12106\/revisions\/12121"}],"wp:attachment":[{"href":"http:\/\/etchegoyen.cl\/casacentral\/wp-json\/wp\/v2\/media?parent=12106"}],"wp:term":[{"taxonomy":"category","embeddable":true,"href":"http:\/\/etchegoyen.cl\/casacentral\/wp-json\/wp\/v2\/categories?post=12106"},{"taxonomy":"post_tag","embeddable":true,"href":"http:\/\/etchegoyen.cl\/casacentral\/wp-json\/wp\/v2\/tags?post=12106"}],"curies":[{"name":"wp","href":"https:\/\/api.w.org\/{rel}","templated":true}]}}