{"id":12122,"date":"2025-04-15T16:37:51","date_gmt":"2025-04-15T20:37:51","guid":{"rendered":"http:\/\/etchegoyen.cl\/casacentral\/?p=12122"},"modified":"2025-04-15T16:41:33","modified_gmt":"2025-04-15T20:41:33","slug":"elecciones-cees-2025","status":"publish","type":"post","link":"http:\/\/etchegoyen.cl\/casacentral\/2025\/04\/15\/elecciones-cees-2025\/","title":{"rendered":"ELECCIONES CEES 2025"},"content":{"rendered":"<p>[vc_row][vc_column][vc_column_text]<\/p>\n<div class=\"x11i5rnm xat24cr x1mh8g0r x1vvkbs xtlvy1s x126k92a\">\n<div dir=\"auto\" style=\"text-align: justify;\">En el contexto del proceso electoral para elegir al nuevo Centro de Estudiantes 2025, el pasado jueves 10 de abril se llev\u00f3 a cabo el debate entre las dos listas candidatas que buscan representar al estudiantado.<\/div>\n<div dir=\"auto\" style=\"text-align: justify;\"><\/div>\n<\/div>\n<div class=\"x11i5rnm xat24cr x1mh8g0r x1vvkbs xtlvy1s x126k92a\" style=\"text-align: justify;\">\n<div dir=\"auto\">La jornada se desarroll\u00f3 de manera organizada y con un ambiente de respeto, permitiendo a ambas listas presentar sus propuestas, as\u00ed como exponer con claridad sus objetivos, misi\u00f3n y visi\u00f3n para el pr\u00f3ximo periodo. Tambi\u00e9n se abri\u00f3 un espacio para responder preguntas relacionadas con sus proyectos futuros.<\/div>\n<div dir=\"auto\"><\/div>\n<\/div>\n<div class=\"x11i5rnm xat24cr x1mh8g0r x1vvkbs xtlvy1s x126k92a\">\n<div dir=\"auto\" style=\"text-align: justify;\">Queremos expresar un especial agradecimiento al equipo del Tricel, conformado por Ruth D\u00edaz, Pablo Cuiti\u00f1o, Rafaela Pardo, Daniela Medel, Nicol\u00e1s Reyes y Maelys Navarro, quienes tuvieron un rol fundamental en la organizaci\u00f3n y conducci\u00f3n de esta actividad. En esta instancia participaron las listas A &#8220;Semilla de cambio&#8221; y B &#8220;Voz y acci\u00f3n&#8221;.<\/div>\n<\/div>\n<p>[\/vc_column_text][vc_gallery type=&#8221;image_grid&#8221; images=&#8221;12124,12125,12127,12128,12129,12130,12131,12132&#8243;][vc_column_text]PARA VER LA GALER\u00cdA COMPLETA PINCHE AQU\u00cd: <a href=\"https:\/\/www.facebook.com\/photo\/?fbid=2156431404785851&amp;set=pcb.2156432204785771\">https:\/\/www.facebook.com\/photo\/?fbid=2156431404785851&amp;set=pcb.2156432204785771<\/a>[\/vc_column_text][\/vc_column][\/vc_row]<\/p>\n","protected":false},"excerpt":{"rendered":"<p>[vc_row][vc_column][vc_column_text] En el contexto del proceso electoral para elegir al nuevo Centro de Estudiantes 2025, el pasado jueves 10 de abril se llev\u00f3 a cabo el debate entre&#8230;<\/p>\n","protected":false},"author":1,"featured_media":0,"comment_status":"closed","ping_status":"closed","sticky":false,"template":"","format":"standard","meta":{"footnotes":"","_links_to":"","_links_to_target":""},"categories":[55],"tags":[],"class_list":["post-12122","post","type-post","status-publish","format-standard","hentry","category-noticias"],"_links":{"self":[{"href":"http:\/\/etchegoyen.cl\/casacentral\/wp-json\/wp\/v2\/posts\/12122","targetHints":{"allow":["GET"]}}],"collection":[{"href":"http:\/\/etchegoyen.cl\/casacentral\/wp-json\/wp\/v2\/posts"}],"about":[{"href":"http:\/\/etchegoyen.cl\/casacentral\/wp-json\/wp\/v2\/types\/post"}],"author":[{"embeddable":true,"href":"http:\/\/etchegoyen.cl\/casacentral\/wp-json\/wp\/v2\/users\/1"}],"replies":[{"embeddable":true,"href":"http:\/\/etchegoyen.cl\/casacentral\/wp-json\/wp\/v2\/comments?post=12122"}],"version-history":[{"count":4,"href":"http:\/\/etchegoyen.cl\/casacentral\/wp-json\/wp\/v2\/posts\/12122\/revisions"}],"predecessor-version":[{"id":12135,"href":"http:\/\/etchegoyen.cl\/casacentral\/wp-json\/wp\/v2\/posts\/12122\/revisions\/12135"}],"wp:attachment":[{"href":"http:\/\/etchegoyen.cl\/casacentral\/wp-json\/wp\/v2\/media?parent=12122"}],"wp:term":[{"taxonomy":"category","embeddable":true,"href":"http:\/\/etchegoyen.cl\/casacentral\/wp-json\/wp\/v2\/categories?post=12122"},{"taxonomy":"post_tag","embeddable":true,"href":"http:\/\/etchegoyen.cl\/casacentral\/wp-json\/wp\/v2\/tags?post=12122"}],"curies":[{"name":"wp","href":"https:\/\/api.w.org\/{rel}","templated":true}]}}