{"id":12136,"date":"2025-04-16T09:43:43","date_gmt":"2025-04-16T13:43:43","guid":{"rendered":"http:\/\/etchegoyen.cl\/casacentral\/?p=12136"},"modified":"2025-04-16T10:06:47","modified_gmt":"2025-04-16T14:06:47","slug":"vacunacion-influenza-2025","status":"publish","type":"post","link":"http:\/\/etchegoyen.cl\/casacentral\/2025\/04\/16\/vacunacion-influenza-2025\/","title":{"rendered":"VACUNACI\u00d3N INFLUENZA 2025"},"content":{"rendered":"<p>[vc_row][vc_column][vc_column_text]<\/p>\n<p style=\"text-align: justify;\">El lunes 14 y el martes 15 de abril, se realiz\u00f3 la vacunaci\u00f3n contra la influenza 2025 en la sede central, donde la poblaci\u00f3n objetivo fueron los\/las estudiantes de pre k\u00ednder, hasta quienes cursan 5\u00b0 b\u00e1sico y funcionarios. Esta es una medida rutinaria, instruida por la autoridad de Salud P\u00fablica y su aplicaci\u00f3n tiene car\u00e1cter OBLIGATORIO. El operativo se llev\u00f3 a cabo por el equipo de vacunaci\u00f3n del CESFAM San Vicente y fue organizado por la trabajadora social y orientadora del nivel b\u00e1sico del colegio.<\/p>\n<p>[\/vc_column_text][vc_gallery type=&#8221;image_grid&#8221; images=&#8221;12139,12140,12141,12142,12143,12144,12145,12146&#8243;][vc_column_text]PARA VER LA GALER\u00cdA COMPLETA PINCHE AQU\u00cd: <a href=\"https:\/\/www.facebook.com\/photo?fbid=2157147244714267&amp;set=pcb.2157147911380867\">https:\/\/www.facebook.com\/photo?fbid=2157147244714267&amp;set=pcb.2157147911380867<\/a>[\/vc_column_text][\/vc_column][\/vc_row]<\/p>\n","protected":false},"excerpt":{"rendered":"<p>[vc_row][vc_column][vc_column_text] El lunes 14 y el martes 15 de abril, se realiz\u00f3 la vacunaci\u00f3n contra la influenza 2025 en la sede central, donde la poblaci\u00f3n objetivo fueron los\/las&#8230;<\/p>\n","protected":false},"author":1,"featured_media":0,"comment_status":"closed","ping_status":"closed","sticky":false,"template":"","format":"standard","meta":{"footnotes":"","_links_to":"","_links_to_target":""},"categories":[55],"tags":[],"class_list":["post-12136","post","type-post","status-publish","format-standard","hentry","category-noticias"],"_links":{"self":[{"href":"http:\/\/etchegoyen.cl\/casacentral\/wp-json\/wp\/v2\/posts\/12136","targetHints":{"allow":["GET"]}}],"collection":[{"href":"http:\/\/etchegoyen.cl\/casacentral\/wp-json\/wp\/v2\/posts"}],"about":[{"href":"http:\/\/etchegoyen.cl\/casacentral\/wp-json\/wp\/v2\/types\/post"}],"author":[{"embeddable":true,"href":"http:\/\/etchegoyen.cl\/casacentral\/wp-json\/wp\/v2\/users\/1"}],"replies":[{"embeddable":true,"href":"http:\/\/etchegoyen.cl\/casacentral\/wp-json\/wp\/v2\/comments?post=12136"}],"version-history":[{"count":3,"href":"http:\/\/etchegoyen.cl\/casacentral\/wp-json\/wp\/v2\/posts\/12136\/revisions"}],"predecessor-version":[{"id":12148,"href":"http:\/\/etchegoyen.cl\/casacentral\/wp-json\/wp\/v2\/posts\/12136\/revisions\/12148"}],"wp:attachment":[{"href":"http:\/\/etchegoyen.cl\/casacentral\/wp-json\/wp\/v2\/media?parent=12136"}],"wp:term":[{"taxonomy":"category","embeddable":true,"href":"http:\/\/etchegoyen.cl\/casacentral\/wp-json\/wp\/v2\/categories?post=12136"},{"taxonomy":"post_tag","embeddable":true,"href":"http:\/\/etchegoyen.cl\/casacentral\/wp-json\/wp\/v2\/tags?post=12136"}],"curies":[{"name":"wp","href":"https:\/\/api.w.org\/{rel}","templated":true}]}}