{"id":12149,"date":"2025-04-16T11:51:32","date_gmt":"2025-04-16T15:51:32","guid":{"rendered":"http:\/\/etchegoyen.cl\/casacentral\/?p=12149"},"modified":"2025-04-16T11:52:48","modified_gmt":"2025-04-16T15:52:48","slug":"comite-de-medio-ambiente-colegio-etchegoyen-talcahuano","status":"publish","type":"post","link":"http:\/\/etchegoyen.cl\/casacentral\/2025\/04\/16\/comite-de-medio-ambiente-colegio-etchegoyen-talcahuano\/","title":{"rendered":"COMIT\u00c9 DE MEDIO AMBIENTE COLEGIO ETCHEGOYEN TALCAHUANO"},"content":{"rendered":"<p>[vc_row][vc_column][vc_column_text]<\/p>\n<div class=\"x11i5rnm xat24cr x1mh8g0r x1vvkbs xtlvy1s x126k92a\">\n<h2 dir=\"auto\" style=\"text-align: justify;\">Un Espacio para la Conciencia y la Acci\u00f3n Ambiental<\/h2>\n<div dir=\"auto\" style=\"text-align: justify;\"><\/div>\n<\/div>\n<div class=\"x11i5rnm xat24cr x1mh8g0r x1vvkbs xtlvy1s x126k92a\" style=\"text-align: justify;\">\n<div dir=\"auto\">El Comit\u00e9 de Medio Ambiente del Colegio Etchegoyen Talcahuano es un espacio din\u00e1mico y comprometido con la protecci\u00f3n y conservaci\u00f3n del medio ambiente. Conformado por docentes y personal del colegio interesados en la protecci\u00f3n y cuidado ambiental, liderado por la docente de ciencias Camila Sagredo Rivera y el Jefe de unidad t\u00e9cnica pedag\u00f3gica Salvador Lara, este comit\u00e9 trabaja incansablemente para promover la conciencia y el compromiso ambiental en la comunidad educativa.<\/div>\n<div dir=\"auto\"><\/div>\n<\/div>\n<div class=\"x11i5rnm xat24cr x1mh8g0r x1vvkbs xtlvy1s x126k92a\" style=\"text-align: justify;\">\n<div dir=\"auto\">Con una misi\u00f3n clara de educar y sensibilizar a los estudiantes sobre la importancia del medio ambiente y su impacto en la sociedad, el comit\u00e9 desarrolla proyectos y actividades innovadoras y creativas para fomentar pr\u00e1cticas sostenibles y responsables en el uso de los recursos naturales. Desde la organizaci\u00f3n de eventos y actividades para promover la conciencia ambiental hasta el desarrollo de proyectos de reciclaje y reutilizaci\u00f3n de materiales, el comit\u00e9 busca inspirar a los estudiantes a tomar acci\u00f3n y ser parte de la soluci\u00f3n.<\/div>\n<div dir=\"auto\"><\/div>\n<\/div>\n<div class=\"x11i5rnm xat24cr x1mh8g0r x1vvkbs xtlvy1s x126k92a\" style=\"text-align: justify;\">\n<div dir=\"auto\">El comit\u00e9 tambi\u00e9n se enfoca en la creaci\u00f3n de un jard\u00edn escolar y la promoci\u00f3n de la biodiversidad, lo que no solo embellece el entorno escolar sino que tambi\u00e9n proporciona un espacio para la educaci\u00f3n y la investigaci\u00f3n ambiental, lo que demuestra su compromiso con la protecci\u00f3n del medio ambiente y su deseo de ser un modelo de referencia en la comunidad educativa.<\/div>\n<div dir=\"auto\"><\/div>\n<\/div>\n<div class=\"x11i5rnm xat24cr x1mh8g0r x1vvkbs xtlvy1s x126k92a\">\n<div dir=\"auto\" style=\"text-align: justify;\">Con una visi\u00f3n clara de ser un espacio para la conciencia y la acci\u00f3n ambiental, el Comit\u00e9 de Medio Ambiente del Colegio Etchegoyen Talcahuano busca inspirar a los estudiantes a ser ciudadanos responsables y comprometidos con la protecci\u00f3n del medio ambiente. A trav\u00e9s de su trabajo y dedicaci\u00f3n, el comit\u00e9 contribuye a la formaci\u00f3n de una comunidad educativa m\u00e1s consciente y comprometida con la protecci\u00f3n del medio ambiente.<\/div>\n<\/div>\n<p>[\/vc_column_text][\/vc_column][\/vc_row]<\/p>\n","protected":false},"excerpt":{"rendered":"<p>[vc_row][vc_column][vc_column_text] Un Espacio para la Conciencia y la Acci\u00f3n Ambiental El Comit\u00e9 de Medio Ambiente del Colegio Etchegoyen Talcahuano es un espacio din\u00e1mico y comprometido con la protecci\u00f3n&#8230;<\/p>\n","protected":false},"author":1,"featured_media":0,"comment_status":"closed","ping_status":"closed","sticky":false,"template":"","format":"standard","meta":{"footnotes":"","_links_to":"","_links_to_target":""},"categories":[55],"tags":[],"class_list":["post-12149","post","type-post","status-publish","format-standard","hentry","category-noticias"],"_links":{"self":[{"href":"http:\/\/etchegoyen.cl\/casacentral\/wp-json\/wp\/v2\/posts\/12149","targetHints":{"allow":["GET"]}}],"collection":[{"href":"http:\/\/etchegoyen.cl\/casacentral\/wp-json\/wp\/v2\/posts"}],"about":[{"href":"http:\/\/etchegoyen.cl\/casacentral\/wp-json\/wp\/v2\/types\/post"}],"author":[{"embeddable":true,"href":"http:\/\/etchegoyen.cl\/casacentral\/wp-json\/wp\/v2\/users\/1"}],"replies":[{"embeddable":true,"href":"http:\/\/etchegoyen.cl\/casacentral\/wp-json\/wp\/v2\/comments?post=12149"}],"version-history":[{"count":3,"href":"http:\/\/etchegoyen.cl\/casacentral\/wp-json\/wp\/v2\/posts\/12149\/revisions"}],"predecessor-version":[{"id":12153,"href":"http:\/\/etchegoyen.cl\/casacentral\/wp-json\/wp\/v2\/posts\/12149\/revisions\/12153"}],"wp:attachment":[{"href":"http:\/\/etchegoyen.cl\/casacentral\/wp-json\/wp\/v2\/media?parent=12149"}],"wp:term":[{"taxonomy":"category","embeddable":true,"href":"http:\/\/etchegoyen.cl\/casacentral\/wp-json\/wp\/v2\/categories?post=12149"},{"taxonomy":"post_tag","embeddable":true,"href":"http:\/\/etchegoyen.cl\/casacentral\/wp-json\/wp\/v2\/tags?post=12149"}],"curies":[{"name":"wp","href":"https:\/\/api.w.org\/{rel}","templated":true}]}}