{"id":12167,"date":"2025-04-16T16:30:13","date_gmt":"2025-04-16T20:30:13","guid":{"rendered":"http:\/\/etchegoyen.cl\/casacentral\/?p=12167"},"modified":"2025-04-16T16:35:14","modified_gmt":"2025-04-16T20:35:14","slug":"ciclo-de-talleres-pedagogicos","status":"publish","type":"post","link":"http:\/\/etchegoyen.cl\/casacentral\/2025\/04\/16\/ciclo-de-talleres-pedagogicos\/","title":{"rendered":"CICLO DE TALLERES PEDAG\u00d3GICOS"},"content":{"rendered":"<p>[vc_row][vc_column][vc_column_text]<\/p>\n<p style=\"text-align: justify;\">En el marco de la implementaci\u00f3n del Plan local de desarrollo profesional docente, hemos iniciado un ciclo de talleres t\u00e9cnico pedag\u00f3gicos enfocados en realizar una propuesta sobre el uso del error y la retroalimentaci\u00f3n como una oportunidad para mejorar los aprendizajes. Esta propuesta, se encuentra directamente vinculada con la estrategia del uso de datos y que intenta responder a alguna de las siguientes interrogantes \u00bfexiste una visi\u00f3n compartida sobre una clase efectiva o una buena clase? \u00bfc\u00f3mo generamos mayores y mejores aprendizajes? \u00bfQu\u00e9 dice la evidencia sobre mejoramiento escolar y aprendizajes? Esperamos con estas acciones, generar espacios de di\u00e1logo y reflexi\u00f3n para construir nuestra propia ruta de mejoramiento de los aprendizajes.<\/p>\n<p>[\/vc_column_text][vc_gallery type=&#8221;image_grid&#8221; images=&#8221;12171,12172,12173,12174,12175,12176,12177,12178&#8243;][vc_column_text]PARA VER LA GALER\u00cdA COMPLETA CLICK AQU\u00cd: <a href=\"https:\/\/www.facebook.com\/photo?fbid=2157457061349952&amp;set=pcb.2157457558016569\">https:\/\/www.facebook.com\/photo?fbid=2157457061349952&amp;set=pcb.2157457558016569<\/a>[\/vc_column_text][\/vc_column][\/vc_row]<\/p>\n","protected":false},"excerpt":{"rendered":"<p>[vc_row][vc_column][vc_column_text] En el marco de la implementaci\u00f3n del Plan local de desarrollo profesional docente, hemos iniciado un ciclo de talleres t\u00e9cnico pedag\u00f3gicos enfocados en realizar una propuesta sobre&#8230;<\/p>\n","protected":false},"author":1,"featured_media":0,"comment_status":"closed","ping_status":"closed","sticky":false,"template":"","format":"standard","meta":{"footnotes":"","_links_to":"","_links_to_target":""},"categories":[55],"tags":[],"class_list":["post-12167","post","type-post","status-publish","format-standard","hentry","category-noticias"],"_links":{"self":[{"href":"http:\/\/etchegoyen.cl\/casacentral\/wp-json\/wp\/v2\/posts\/12167","targetHints":{"allow":["GET"]}}],"collection":[{"href":"http:\/\/etchegoyen.cl\/casacentral\/wp-json\/wp\/v2\/posts"}],"about":[{"href":"http:\/\/etchegoyen.cl\/casacentral\/wp-json\/wp\/v2\/types\/post"}],"author":[{"embeddable":true,"href":"http:\/\/etchegoyen.cl\/casacentral\/wp-json\/wp\/v2\/users\/1"}],"replies":[{"embeddable":true,"href":"http:\/\/etchegoyen.cl\/casacentral\/wp-json\/wp\/v2\/comments?post=12167"}],"version-history":[{"count":3,"href":"http:\/\/etchegoyen.cl\/casacentral\/wp-json\/wp\/v2\/posts\/12167\/revisions"}],"predecessor-version":[{"id":12179,"href":"http:\/\/etchegoyen.cl\/casacentral\/wp-json\/wp\/v2\/posts\/12167\/revisions\/12179"}],"wp:attachment":[{"href":"http:\/\/etchegoyen.cl\/casacentral\/wp-json\/wp\/v2\/media?parent=12167"}],"wp:term":[{"taxonomy":"category","embeddable":true,"href":"http:\/\/etchegoyen.cl\/casacentral\/wp-json\/wp\/v2\/categories?post=12167"},{"taxonomy":"post_tag","embeddable":true,"href":"http:\/\/etchegoyen.cl\/casacentral\/wp-json\/wp\/v2\/tags?post=12167"}],"curies":[{"name":"wp","href":"https:\/\/api.w.org\/{rel}","templated":true}]}}