{"id":12191,"date":"2025-04-21T14:35:48","date_gmt":"2025-04-21T18:35:48","guid":{"rendered":"http:\/\/etchegoyen.cl\/casacentral\/?p=12191"},"modified":"2025-04-21T14:44:24","modified_gmt":"2025-04-21T18:44:24","slug":"iv-conversatorio-literario","status":"publish","type":"post","link":"http:\/\/etchegoyen.cl\/casacentral\/2025\/04\/21\/iv-conversatorio-literario\/","title":{"rendered":"IV CONVERSATORIO LITERARIO"},"content":{"rendered":"<p>[vc_row][vc_column][vc_column_text]<\/p>\n<p style=\"text-align: justify;\">El pasado 15 de abril, se llev\u00f3 a cabo el IV Conservatorio literario organizado por el Departamento de Lenguaje de nuestra Casa Central. En esta oportunidad contamos con la presencia del escritor, gestor literario y Profesor Nicol\u00e1s Barr\u00eda, quien dialog\u00f3 con los y las estudiantes en torno al tema: \u201cPoes\u00eda popular urbana\u201d. Valoramos el di\u00e1logo que se gener\u00f3 entre escritor y estudiantes, el cual permiti\u00f3 un acercamiento al mundo de la poes\u00eda popular desde las propias experiencias de vida.<\/p>\n<p>[\/vc_column_text][vc_gallery type=&#8221;image_grid&#8221; images=&#8221;12197,12198,12199,12200,12201,12202,12203,12204&#8243;][vc_column_text]PARA VER LA GALER\u00cdA COMPLETA PINCHE AQU\u00cd: <a href=\"https:\/\/www.facebook.com\/photo?fbid=2161624354266556&amp;set=pcb.2161625170933141\">https:\/\/www.facebook.com\/photo?fbid=2161624354266556&amp;set=pcb.2161625170933141<\/a>[\/vc_column_text][\/vc_column][\/vc_row]<\/p>\n","protected":false},"excerpt":{"rendered":"<p>[vc_row][vc_column][vc_column_text] El pasado 15 de abril, se llev\u00f3 a cabo el IV Conservatorio literario organizado por el Departamento de Lenguaje de nuestra Casa Central. En esta oportunidad contamos&#8230;<\/p>\n","protected":false},"author":1,"featured_media":0,"comment_status":"closed","ping_status":"closed","sticky":false,"template":"","format":"standard","meta":{"footnotes":"","_links_to":"","_links_to_target":""},"categories":[55],"tags":[],"class_list":["post-12191","post","type-post","status-publish","format-standard","hentry","category-noticias"],"_links":{"self":[{"href":"http:\/\/etchegoyen.cl\/casacentral\/wp-json\/wp\/v2\/posts\/12191","targetHints":{"allow":["GET"]}}],"collection":[{"href":"http:\/\/etchegoyen.cl\/casacentral\/wp-json\/wp\/v2\/posts"}],"about":[{"href":"http:\/\/etchegoyen.cl\/casacentral\/wp-json\/wp\/v2\/types\/post"}],"author":[{"embeddable":true,"href":"http:\/\/etchegoyen.cl\/casacentral\/wp-json\/wp\/v2\/users\/1"}],"replies":[{"embeddable":true,"href":"http:\/\/etchegoyen.cl\/casacentral\/wp-json\/wp\/v2\/comments?post=12191"}],"version-history":[{"count":5,"href":"http:\/\/etchegoyen.cl\/casacentral\/wp-json\/wp\/v2\/posts\/12191\/revisions"}],"predecessor-version":[{"id":12206,"href":"http:\/\/etchegoyen.cl\/casacentral\/wp-json\/wp\/v2\/posts\/12191\/revisions\/12206"}],"wp:attachment":[{"href":"http:\/\/etchegoyen.cl\/casacentral\/wp-json\/wp\/v2\/media?parent=12191"}],"wp:term":[{"taxonomy":"category","embeddable":true,"href":"http:\/\/etchegoyen.cl\/casacentral\/wp-json\/wp\/v2\/categories?post=12191"},{"taxonomy":"post_tag","embeddable":true,"href":"http:\/\/etchegoyen.cl\/casacentral\/wp-json\/wp\/v2\/tags?post=12191"}],"curies":[{"name":"wp","href":"https:\/\/api.w.org\/{rel}","templated":true}]}}