{"id":12236,"date":"2025-04-23T10:34:52","date_gmt":"2025-04-23T14:34:52","guid":{"rendered":"http:\/\/etchegoyen.cl\/casacentral\/?p=12236"},"modified":"2025-04-23T10:41:06","modified_gmt":"2025-04-23T14:41:06","slug":"elecciones-cees-2025-2","status":"publish","type":"post","link":"http:\/\/etchegoyen.cl\/casacentral\/2025\/04\/23\/elecciones-cees-2025-2\/","title":{"rendered":"ELECCIONES CEES 2025"},"content":{"rendered":"<p>[vc_row][vc_column][vc_column_text]<\/p>\n<p style=\"text-align: justify;\">En el marco del proceso electoral para conformar el nuevo Centro de Estudiantes 2025, los alumnos de 7\u00b0 b\u00e1sico a 4\u00b0 medio de la sede central participaron activamente en las votaciones organizadas por el TRICEL, con el apoyo de orientaci\u00f3n y los profesores asesores.<\/p>\n<p style=\"text-align: justify;\">Con un padr\u00f3n electoral de 685 estudiantes y un total de 592 votos v\u00e1lidamente emitidos, result\u00f3 ganadora la <strong>Lista N\u00b01<\/strong> con 278 votos y muy de cerca la <strong>Lista N\u00b02 <\/strong>con 257 votos.<\/p>\n<p style=\"text-align: justify;\">Felicitamos tanto a la Lista N\u00b01 como a la Lista N\u00b02 por su entusiasmo, compromiso y participaci\u00f3n en este proceso democr\u00e1tico e invitamos a toda la comunidad educativa a sumarse a las iniciativas y actividades que llevar\u00e1 adelante el nuevo Centro de Estudiantes durante el a\u00f1o 2025.<\/p>\n<p>[\/vc_column_text][vc_gallery type=&#8221;image_grid&#8221; images=&#8221;12240,12241,12242,12243,12244,12245,12246,12247&#8243;][vc_column_text]PARA VER LA GALER\u00cdA COMPLETA PINCHE AQU\u00cd: <a href=\"https:\/\/www.facebook.com\/photo\/?fbid=2163265880769070&amp;set=pcb.2163266697435655\">https:\/\/www.facebook.com\/photo\/?fbid=2163265880769070&amp;set=pcb.2163266697435655<\/a>[\/vc_column_text][\/vc_column][\/vc_row]<\/p>\n","protected":false},"excerpt":{"rendered":"<p>[vc_row][vc_column][vc_column_text] En el marco del proceso electoral para conformar el nuevo Centro de Estudiantes 2025, los alumnos de 7\u00b0 b\u00e1sico a 4\u00b0 medio de la sede central participaron&#8230;<\/p>\n","protected":false},"author":1,"featured_media":0,"comment_status":"closed","ping_status":"closed","sticky":false,"template":"","format":"standard","meta":{"footnotes":"","_links_to":"","_links_to_target":""},"categories":[55],"tags":[],"class_list":["post-12236","post","type-post","status-publish","format-standard","hentry","category-noticias"],"_links":{"self":[{"href":"http:\/\/etchegoyen.cl\/casacentral\/wp-json\/wp\/v2\/posts\/12236","targetHints":{"allow":["GET"]}}],"collection":[{"href":"http:\/\/etchegoyen.cl\/casacentral\/wp-json\/wp\/v2\/posts"}],"about":[{"href":"http:\/\/etchegoyen.cl\/casacentral\/wp-json\/wp\/v2\/types\/post"}],"author":[{"embeddable":true,"href":"http:\/\/etchegoyen.cl\/casacentral\/wp-json\/wp\/v2\/users\/1"}],"replies":[{"embeddable":true,"href":"http:\/\/etchegoyen.cl\/casacentral\/wp-json\/wp\/v2\/comments?post=12236"}],"version-history":[{"count":3,"href":"http:\/\/etchegoyen.cl\/casacentral\/wp-json\/wp\/v2\/posts\/12236\/revisions"}],"predecessor-version":[{"id":12248,"href":"http:\/\/etchegoyen.cl\/casacentral\/wp-json\/wp\/v2\/posts\/12236\/revisions\/12248"}],"wp:attachment":[{"href":"http:\/\/etchegoyen.cl\/casacentral\/wp-json\/wp\/v2\/media?parent=12236"}],"wp:term":[{"taxonomy":"category","embeddable":true,"href":"http:\/\/etchegoyen.cl\/casacentral\/wp-json\/wp\/v2\/categories?post=12236"},{"taxonomy":"post_tag","embeddable":true,"href":"http:\/\/etchegoyen.cl\/casacentral\/wp-json\/wp\/v2\/tags?post=12236"}],"curies":[{"name":"wp","href":"https:\/\/api.w.org\/{rel}","templated":true}]}}