{"id":12285,"date":"2025-04-24T13:44:37","date_gmt":"2025-04-24T17:44:37","guid":{"rendered":"http:\/\/etchegoyen.cl\/casacentral\/?p=12285"},"modified":"2025-04-24T13:48:34","modified_gmt":"2025-04-24T17:48:34","slug":"feria-de-salud-2025","status":"publish","type":"post","link":"http:\/\/etchegoyen.cl\/casacentral\/2025\/04\/24\/feria-de-salud-2025\/","title":{"rendered":"FERIA DE SALUD 2025"},"content":{"rendered":"<p>[vc_row][vc_column][vc_column_text]<\/p>\n<div class=\"x11i5rnm xat24cr x1mh8g0r x1vvkbs xtlvy1s x126k92a\">\n<div dir=\"auto\" style=\"text-align: justify;\">El Colegio Etchegoyen de Talcahuano realiz\u00f3 con \u00e9xito una significativa Feria de la Salud, orientada a promover el bienestar f\u00edsico, emocional y social de nuestros estudiantes. Esta actividad fue organizada por la dupla psicosocial del establecimiento, quienes gestionaron la presencia de diversas instituciones y coordinaron una jornada participativa y educativa.<\/div>\n<div dir=\"auto\" style=\"text-align: justify;\"><\/div>\n<\/div>\n<div class=\"x11i5rnm xat24cr x1mh8g0r x1vvkbs xtlvy1s x126k92a\" style=\"text-align: justify;\">\n<div dir=\"auto\">La feria cont\u00f3 con la participaci\u00f3n de estudiantes desde 6\u00ba b\u00e1sico hasta 4\u00ba medio, quienes pudieron recorrer los distintos stands, interactuar con profesionales, participar en actividades l\u00fadicas y recibir orientaci\u00f3n sobre tem\u00e1ticas fundamentales para su desarrollo integral.<\/div>\n<div dir=\"auto\"><\/div>\n<\/div>\n<div class=\"x11i5rnm xat24cr x1mh8g0r x1vvkbs xtlvy1s x126k92a\" style=\"text-align: justify;\">\n<div dir=\"auto\">Entre los programas y oficinas presentes destacaron:<\/div>\n<div dir=\"auto\"><\/div>\n<\/div>\n<div class=\"x11i5rnm xat24cr x1mh8g0r x1vvkbs xtlvy1s x126k92a\" style=\"text-align: justify;\">\n<div dir=\"auto\">Programa Espacios Amigables<\/div>\n<\/div>\n<div class=\"x11i5rnm xat24cr x1mh8g0r x1vvkbs xtlvy1s x126k92a\" style=\"text-align: justify;\">\n<div dir=\"auto\">Programa de Acompa\u00f1amiento<\/div>\n<\/div>\n<div class=\"x11i5rnm xat24cr x1mh8g0r x1vvkbs xtlvy1s x126k92a\" style=\"text-align: justify;\">\n<div dir=\"auto\">Programa Escolar<\/div>\n<\/div>\n<div class=\"x11i5rnm xat24cr x1mh8g0r x1vvkbs xtlvy1s x126k92a\" style=\"text-align: justify;\">\n<div dir=\"auto\">Programa Dental<\/div>\n<\/div>\n<div class=\"x11i5rnm xat24cr x1mh8g0r x1vvkbs xtlvy1s x126k92a\" style=\"text-align: justify;\">\n<div dir=\"auto\">Programa de Salud Mental<\/div>\n<\/div>\n<div class=\"x11i5rnm xat24cr x1mh8g0r x1vvkbs xtlvy1s x126k92a\" style=\"text-align: justify;\">\n<div dir=\"auto\">Programa SENDA Previene<\/div>\n<\/div>\n<div class=\"x11i5rnm xat24cr x1mh8g0r x1vvkbs xtlvy1s x126k92a\" style=\"text-align: justify;\">\n<div dir=\"auto\">Oficina de la Discapacidad<\/div>\n<\/div>\n<div class=\"x11i5rnm xat24cr x1mh8g0r x1vvkbs xtlvy1s x126k92a\" style=\"text-align: justify;\">\n<div dir=\"auto\">Oficina de Asuntos Ind\u00edgenas<\/div>\n<\/div>\n<div class=\"x11i5rnm xat24cr x1mh8g0r x1vvkbs xtlvy1s x126k92a\" style=\"text-align: justify;\">\n<div dir=\"auto\">Oficina de Migrantes<\/div>\n<\/div>\n<div class=\"x11i5rnm xat24cr x1mh8g0r x1vvkbs xtlvy1s x126k92a\" style=\"text-align: justify;\">\n<div dir=\"auto\">Programa de Voluntariado<\/div>\n<div dir=\"auto\"><\/div>\n<\/div>\n<div class=\"x11i5rnm xat24cr x1mh8g0r x1vvkbs xtlvy1s x126k92a\" style=\"text-align: justify;\">\n<div dir=\"auto\">Esta jornada permiti\u00f3 fortalecer los lazos entre el colegio y los distintos servicios p\u00fablicos, reforzando valores como el respeto, la inclusi\u00f3n, la empat\u00eda y el autocuidado.<\/div>\n<div dir=\"auto\"><\/div>\n<\/div>\n<div class=\"x11i5rnm xat24cr x1mh8g0r x1vvkbs xtlvy1s x126k92a\">\n<div dir=\"auto\" style=\"text-align: justify;\">Agradecemos profundamente a cada instituci\u00f3n participante y al equipo psicosocial del establecimiento, cuyo compromiso hizo posible esta enriquecedora experiencia para nuestros estudiantes.<\/div>\n<\/div>\n<p>[\/vc_column_text][vc_gallery type=&#8221;image_grid&#8221; images=&#8221;12289,12290,12291,12292,12293,12294,12295,12296,12297,12298&#8243;][vc_column_text]PARA VER LA GALER\u00cdA COMPLETA PINCHE AQU\u00cd: <a href=\"https:\/\/www.facebook.com\/photo?fbid=2164279080667750&amp;set=pcb.2164279550667703\">https:\/\/www.facebook.com\/photo?fbid=2164279080667750&amp;set=pcb.2164279550667703<\/a>[\/vc_column_text][\/vc_column][\/vc_row]<\/p>\n","protected":false},"excerpt":{"rendered":"<p>[vc_row][vc_column][vc_column_text] El Colegio Etchegoyen de Talcahuano realiz\u00f3 con \u00e9xito una significativa Feria de la Salud, orientada a promover el bienestar f\u00edsico, emocional y social de nuestros estudiantes. Esta&#8230;<\/p>\n","protected":false},"author":1,"featured_media":0,"comment_status":"closed","ping_status":"closed","sticky":false,"template":"","format":"standard","meta":{"footnotes":"","_links_to":"","_links_to_target":""},"categories":[55],"tags":[],"class_list":["post-12285","post","type-post","status-publish","format-standard","hentry","category-noticias"],"_links":{"self":[{"href":"http:\/\/etchegoyen.cl\/casacentral\/wp-json\/wp\/v2\/posts\/12285","targetHints":{"allow":["GET"]}}],"collection":[{"href":"http:\/\/etchegoyen.cl\/casacentral\/wp-json\/wp\/v2\/posts"}],"about":[{"href":"http:\/\/etchegoyen.cl\/casacentral\/wp-json\/wp\/v2\/types\/post"}],"author":[{"embeddable":true,"href":"http:\/\/etchegoyen.cl\/casacentral\/wp-json\/wp\/v2\/users\/1"}],"replies":[{"embeddable":true,"href":"http:\/\/etchegoyen.cl\/casacentral\/wp-json\/wp\/v2\/comments?post=12285"}],"version-history":[{"count":3,"href":"http:\/\/etchegoyen.cl\/casacentral\/wp-json\/wp\/v2\/posts\/12285\/revisions"}],"predecessor-version":[{"id":12299,"href":"http:\/\/etchegoyen.cl\/casacentral\/wp-json\/wp\/v2\/posts\/12285\/revisions\/12299"}],"wp:attachment":[{"href":"http:\/\/etchegoyen.cl\/casacentral\/wp-json\/wp\/v2\/media?parent=12285"}],"wp:term":[{"taxonomy":"category","embeddable":true,"href":"http:\/\/etchegoyen.cl\/casacentral\/wp-json\/wp\/v2\/categories?post=12285"},{"taxonomy":"post_tag","embeddable":true,"href":"http:\/\/etchegoyen.cl\/casacentral\/wp-json\/wp\/v2\/tags?post=12285"}],"curies":[{"name":"wp","href":"https:\/\/api.w.org\/{rel}","templated":true}]}}