{"id":12300,"date":"2025-04-24T16:25:42","date_gmt":"2025-04-24T20:25:42","guid":{"rendered":"http:\/\/etchegoyen.cl\/casacentral\/?p=12300"},"modified":"2025-04-24T17:03:12","modified_gmt":"2025-04-24T21:03:12","slug":"destacada-participacion-de-nuestro-estudiante-en-campeonato-regional-de-atletismo","status":"publish","type":"post","link":"http:\/\/etchegoyen.cl\/casacentral\/2025\/04\/24\/destacada-participacion-de-nuestro-estudiante-en-campeonato-regional-de-atletismo\/","title":{"rendered":"DESTACADA PARTICIPACI\u00d3N DE NUESTRO ESTUDIANTE EN CAMPEONATO REGIONAL DE ATLETISMO"},"content":{"rendered":"<p>[vc_row][vc_column][vc_column_text]<\/p>\n<div class=\"x11i5rnm xat24cr x1mh8g0r x1vvkbs xtlvy1s x126k92a\">\n<div dir=\"auto\" style=\"text-align: justify;\">El pasado martes 8 de abril, nuestro estudiante Juan Luis Barriga, del 7\u00b0 a\u00f1o A, particip\u00f3 en el Circuito Regional de Atletismo realizado en el Estadio Ester Roa Rebolledo, representando con orgullo a nuestro colegio.<\/div>\n<div dir=\"auto\" style=\"text-align: justify;\"><\/div>\n<\/div>\n<div class=\"x11i5rnm xat24cr x1mh8g0r x1vvkbs xtlvy1s x126k92a\">\n<div dir=\"auto\" style=\"text-align: justify;\">Felicitamos a Juan Luis por su compromiso y esfuerzo, y le deseamos el mayor de los \u00e9xitos en los pr\u00f3ximos campeonatos deportivos que se desarrollar\u00e1n a lo largo del a\u00f1o.<\/div>\n<\/div>\n<p>[\/vc_column_text][vc_gallery type=&#8221;image_grid&#8221; images=&#8221;12302,12303,12304,12305,12306,12307,12308,12309&#8243;][\/vc_column][\/vc_row]<\/p>\n","protected":false},"excerpt":{"rendered":"<p>[vc_row][vc_column][vc_column_text] El pasado martes 8 de abril, nuestro estudiante Juan Luis Barriga, del 7\u00b0 a\u00f1o A, particip\u00f3 en el Circuito Regional de Atletismo realizado en el Estadio Ester&#8230;<\/p>\n","protected":false},"author":1,"featured_media":0,"comment_status":"closed","ping_status":"closed","sticky":false,"template":"","format":"standard","meta":{"footnotes":"","_links_to":"","_links_to_target":""},"categories":[55],"tags":[],"class_list":["post-12300","post","type-post","status-publish","format-standard","hentry","category-noticias"],"_links":{"self":[{"href":"http:\/\/etchegoyen.cl\/casacentral\/wp-json\/wp\/v2\/posts\/12300","targetHints":{"allow":["GET"]}}],"collection":[{"href":"http:\/\/etchegoyen.cl\/casacentral\/wp-json\/wp\/v2\/posts"}],"about":[{"href":"http:\/\/etchegoyen.cl\/casacentral\/wp-json\/wp\/v2\/types\/post"}],"author":[{"embeddable":true,"href":"http:\/\/etchegoyen.cl\/casacentral\/wp-json\/wp\/v2\/users\/1"}],"replies":[{"embeddable":true,"href":"http:\/\/etchegoyen.cl\/casacentral\/wp-json\/wp\/v2\/comments?post=12300"}],"version-history":[{"count":4,"href":"http:\/\/etchegoyen.cl\/casacentral\/wp-json\/wp\/v2\/posts\/12300\/revisions"}],"predecessor-version":[{"id":12312,"href":"http:\/\/etchegoyen.cl\/casacentral\/wp-json\/wp\/v2\/posts\/12300\/revisions\/12312"}],"wp:attachment":[{"href":"http:\/\/etchegoyen.cl\/casacentral\/wp-json\/wp\/v2\/media?parent=12300"}],"wp:term":[{"taxonomy":"category","embeddable":true,"href":"http:\/\/etchegoyen.cl\/casacentral\/wp-json\/wp\/v2\/categories?post=12300"},{"taxonomy":"post_tag","embeddable":true,"href":"http:\/\/etchegoyen.cl\/casacentral\/wp-json\/wp\/v2\/tags?post=12300"}],"curies":[{"name":"wp","href":"https:\/\/api.w.org\/{rel}","templated":true}]}}