{"id":12326,"date":"2025-04-25T15:42:36","date_gmt":"2025-04-25T19:42:36","guid":{"rendered":"http:\/\/etchegoyen.cl\/casacentral\/?p=12326"},"modified":"2025-04-25T15:57:21","modified_gmt":"2025-04-25T19:57:21","slug":"%f0%9f%93%a2-comunicado-interferiado","status":"publish","type":"post","link":"http:\/\/etchegoyen.cl\/casacentral\/2025\/04\/25\/%f0%9f%93%a2-comunicado-interferiado\/","title":{"rendered":"\ud83d\udce2 COMUNICADO INTERFERIADO"},"content":{"rendered":"<p>[vc_row][vc_column][vc_column_text]<\/p>\n<p style=\"text-align: justify;\">\ud83d\udce2 Atenci\u00f3n, comunidad educativa: \u00a1Aviso importante!<\/p>\n<p style=\"text-align: justify;\">Les informamos que el pr\u00f3ximo viernes 2 de mayo ha sido designado como d\u00eda interferiado, por lo que no se realizar\u00e1n clases en nuestro establecimiento.<\/p>\n<p style=\"text-align: justify;\">Les recomendamos planificar con anticipaci\u00f3n sus actividades para aprovechar este merecido descanso en familia.<\/p>\n<p style=\"text-align: justify;\">\ud83d\udcc5 Las actividades escolares se retomar\u00e1n con total normalidad el lunes 5 de mayo, y esperamos recibir a nuestros estudiantes con entusiasmo y motivaci\u00f3n para continuar avanzando juntos en el aprendizaje.<\/p>\n<p style=\"text-align: justify;\">Agradecemos su comprensi\u00f3n y colaboraci\u00f3n.<br \/>\n\u00a1Les deseamos un excelente descanso y nos reencontramos muy pronto!<\/p>\n<p>[\/vc_column_text][\/vc_column][\/vc_row]<\/p>\n","protected":false},"excerpt":{"rendered":"<p>[vc_row][vc_column][vc_column_text] \ud83d\udce2 Atenci\u00f3n, comunidad educativa: \u00a1Aviso importante! Les informamos que el pr\u00f3ximo viernes 2 de mayo ha sido designado como d\u00eda interferiado, por lo que no se realizar\u00e1n&#8230;<\/p>\n","protected":false},"author":1,"featured_media":0,"comment_status":"closed","ping_status":"closed","sticky":false,"template":"","format":"standard","meta":{"footnotes":"","_links_to":"","_links_to_target":""},"categories":[55],"tags":[],"class_list":["post-12326","post","type-post","status-publish","format-standard","hentry","category-noticias"],"_links":{"self":[{"href":"http:\/\/etchegoyen.cl\/casacentral\/wp-json\/wp\/v2\/posts\/12326","targetHints":{"allow":["GET"]}}],"collection":[{"href":"http:\/\/etchegoyen.cl\/casacentral\/wp-json\/wp\/v2\/posts"}],"about":[{"href":"http:\/\/etchegoyen.cl\/casacentral\/wp-json\/wp\/v2\/types\/post"}],"author":[{"embeddable":true,"href":"http:\/\/etchegoyen.cl\/casacentral\/wp-json\/wp\/v2\/users\/1"}],"replies":[{"embeddable":true,"href":"http:\/\/etchegoyen.cl\/casacentral\/wp-json\/wp\/v2\/comments?post=12326"}],"version-history":[{"count":3,"href":"http:\/\/etchegoyen.cl\/casacentral\/wp-json\/wp\/v2\/posts\/12326\/revisions"}],"predecessor-version":[{"id":12330,"href":"http:\/\/etchegoyen.cl\/casacentral\/wp-json\/wp\/v2\/posts\/12326\/revisions\/12330"}],"wp:attachment":[{"href":"http:\/\/etchegoyen.cl\/casacentral\/wp-json\/wp\/v2\/media?parent=12326"}],"wp:term":[{"taxonomy":"category","embeddable":true,"href":"http:\/\/etchegoyen.cl\/casacentral\/wp-json\/wp\/v2\/categories?post=12326"},{"taxonomy":"post_tag","embeddable":true,"href":"http:\/\/etchegoyen.cl\/casacentral\/wp-json\/wp\/v2\/tags?post=12326"}],"curies":[{"name":"wp","href":"https:\/\/api.w.org\/{rel}","templated":true}]}}