{"id":12331,"date":"2025-04-28T15:20:54","date_gmt":"2025-04-28T19:20:54","guid":{"rendered":"http:\/\/etchegoyen.cl\/casacentral\/?p=12331"},"modified":"2025-04-28T15:32:20","modified_gmt":"2025-04-28T19:32:20","slug":"celebrando-el-dia-de-la-tierra-2025","status":"publish","type":"post","link":"http:\/\/etchegoyen.cl\/casacentral\/2025\/04\/28\/celebrando-el-dia-de-la-tierra-2025\/","title":{"rendered":"CELEBRANDO EL D\u00cdA DE LA TIERRA 2025"},"content":{"rendered":"<p>[vc_row][vc_column][vc_column_text]<\/p>\n<div class=\"x11i5rnm xat24cr x1mh8g0r x1vvkbs xtlvy1s x126k92a\">\n<div dir=\"auto\" style=\"text-align: justify;\">El pasado lunes 14 de abril, el Colegio Etchegoyen Talcahuano celebr\u00f3 el D\u00eda de la Tierra con una actividad de pintura organizada por el comit\u00e9 medioambiental, que reuni\u00f3 a estudiantes de todos los niveles. La jornada fue un \u00e9xito rotundo, donde los estudiantes que participaron demostraron su creatividad y conciencia ambiental a trav\u00e9s del arte.<\/div>\n<div dir=\"auto\" style=\"text-align: justify;\"><\/div>\n<\/div>\n<div class=\"x11i5rnm xat24cr x1mh8g0r x1vvkbs xtlvy1s x126k92a\" style=\"text-align: justify;\">\n<div dir=\"auto\">La actividad, que se llev\u00f3 a cabo en el Hall del colegio, permiti\u00f3 a los estudiantes expresar su visi\u00f3n sobre la importancia de proteger nuestro planeta. Con materiales y t\u00e9cnicas diversas, los estudiantes crearon obras de arte que reflejan su compromiso con la sostenibilidad y la conservaci\u00f3n del medio ambiente.<\/div>\n<div dir=\"auto\"><\/div>\n<\/div>\n<div class=\"x11i5rnm xat24cr x1mh8g0r x1vvkbs xtlvy1s x126k92a\" style=\"text-align: justify;\">\n<div dir=\"auto\">Los trabajos de pintura fueron expuestos en el auditorio del colegio el d\u00eda Martes 22 de abril en el acto de celebraci\u00f3n de este d\u00eda, permitiendo a la comunidad educativa apreciar la creatividad y el talento de los estudiantes. La actividad no solo fomenta la conciencia ambiental, sino que tambi\u00e9n promov\u00eda la expresi\u00f3n art\u00edstica y la imaginaci\u00f3n en los estudiantes.<\/div>\n<div dir=\"auto\"><\/div>\n<\/div>\n<div class=\"x11i5rnm xat24cr x1mh8g0r x1vvkbs xtlvy1s x126k92a\" style=\"text-align: justify;\">\n<div dir=\"auto\">El Colegio Etchegoyen Talcahuano se enorgullece de ofrecer oportunidades para que sus estudiantes desarrollen su creatividad y conciencia social. La celebraci\u00f3n del D\u00eda de la Tierra es un ejemplo de c\u00f3mo el colegio se compromete con la educaci\u00f3n ambiental y la formaci\u00f3n de ciudadanos responsables y comprometidos con la protecci\u00f3n del medio ambiente.<\/div>\n<div dir=\"auto\"><\/div>\n<\/div>\n<div class=\"x11i5rnm xat24cr x1mh8g0r x1vvkbs xtlvy1s x126k92a\">\n<div dir=\"auto\" style=\"text-align: justify;\">La actividad fue un \u00e9xito gracias a la participaci\u00f3n y el entusiasmo de los estudiantes, y al apoyo de los profesores y personal del colegio.<\/div>\n<\/div>\n<p>[\/vc_column_text][vc_gallery type=&#8221;image_grid&#8221; images=&#8221;12336,12337,12338,12339,12340,12341,12342,12343,12344&#8243;][vc_column_text]PARA VER LA GALER\u00cdA COMPLETA PINCHE AQU\u00cd: <a href=\"https:\/\/www.facebook.com\/photo?fbid=2167632596999065&amp;set=pcb.2167633100332348\">https:\/\/www.facebook.com\/photo?fbid=2167632596999065&amp;set=pcb.2167633100332348<\/a>[\/vc_column_text][\/vc_column][\/vc_row]<\/p>\n","protected":false},"excerpt":{"rendered":"<p>[vc_row][vc_column][vc_column_text] El pasado lunes 14 de abril, el Colegio Etchegoyen Talcahuano celebr\u00f3 el D\u00eda de la Tierra con una actividad de pintura organizada por el comit\u00e9 medioambiental, que&#8230;<\/p>\n","protected":false},"author":1,"featured_media":0,"comment_status":"closed","ping_status":"closed","sticky":false,"template":"","format":"standard","meta":{"footnotes":"","_links_to":"","_links_to_target":""},"categories":[55],"tags":[],"class_list":["post-12331","post","type-post","status-publish","format-standard","hentry","category-noticias"],"_links":{"self":[{"href":"http:\/\/etchegoyen.cl\/casacentral\/wp-json\/wp\/v2\/posts\/12331","targetHints":{"allow":["GET"]}}],"collection":[{"href":"http:\/\/etchegoyen.cl\/casacentral\/wp-json\/wp\/v2\/posts"}],"about":[{"href":"http:\/\/etchegoyen.cl\/casacentral\/wp-json\/wp\/v2\/types\/post"}],"author":[{"embeddable":true,"href":"http:\/\/etchegoyen.cl\/casacentral\/wp-json\/wp\/v2\/users\/1"}],"replies":[{"embeddable":true,"href":"http:\/\/etchegoyen.cl\/casacentral\/wp-json\/wp\/v2\/comments?post=12331"}],"version-history":[{"count":5,"href":"http:\/\/etchegoyen.cl\/casacentral\/wp-json\/wp\/v2\/posts\/12331\/revisions"}],"predecessor-version":[{"id":12346,"href":"http:\/\/etchegoyen.cl\/casacentral\/wp-json\/wp\/v2\/posts\/12331\/revisions\/12346"}],"wp:attachment":[{"href":"http:\/\/etchegoyen.cl\/casacentral\/wp-json\/wp\/v2\/media?parent=12331"}],"wp:term":[{"taxonomy":"category","embeddable":true,"href":"http:\/\/etchegoyen.cl\/casacentral\/wp-json\/wp\/v2\/categories?post=12331"},{"taxonomy":"post_tag","embeddable":true,"href":"http:\/\/etchegoyen.cl\/casacentral\/wp-json\/wp\/v2\/tags?post=12331"}],"curies":[{"name":"wp","href":"https:\/\/api.w.org\/{rel}","templated":true}]}}