{"id":12347,"date":"2025-04-29T11:22:23","date_gmt":"2025-04-29T15:22:23","guid":{"rendered":"http:\/\/etchegoyen.cl\/casacentral\/?p=12347"},"modified":"2025-04-29T11:28:04","modified_gmt":"2025-04-29T15:28:04","slug":"cuenta-cuentos-2025","status":"publish","type":"post","link":"http:\/\/etchegoyen.cl\/casacentral\/2025\/04\/29\/cuenta-cuentos-2025\/","title":{"rendered":"CUENTA CUENTOS 2025"},"content":{"rendered":"<p>[vc_row][vc_column][vc_column_text]<\/p>\n<div class=\"x11i5rnm xat24cr x1mh8g0r x1vvkbs xtlvy1s x126k92a\">\n<div dir=\"auto\" style=\"text-align: justify;\">Con motivo del Mes del Libro, apoderados del Colegio Etchegoyen participaron en una emotiva jornada cultural en el Teatro Dante de Talcahuano, donde presentaron a los estudiantes de 1\u00b0 a 4\u00b0 b\u00e1sico una entretenida y educativa serie de \u201cCuenta Cuentos\u201d. Estas presentaciones, inspiradas en cl\u00e1sicos de la literatura infantil, combinaron actuaciones, m\u00fasica y creatividad para dar vida a entra\u00f1ables historias.<\/div>\n<div dir=\"auto\" style=\"text-align: justify;\"><\/div>\n<\/div>\n<div class=\"x11i5rnm xat24cr x1mh8g0r x1vvkbs xtlvy1s x126k92a\" style=\"text-align: justify;\">\n<div dir=\"auto\">Durante la actividad se exhibieron ocho cuentos: El sue\u00f1o de Lila la oruga, El gigante ego\u00edsta, Musical de SHREK, Los tres chanchitos, La peque\u00f1a Lil\u00e9n, La ratita presumida, Pedro y el conejo de mazap\u00e1n, y Los tres cerditos.<\/div>\n<div dir=\"auto\"><\/div>\n<\/div>\n<div class=\"x11i5rnm xat24cr x1mh8g0r x1vvkbs xtlvy1s x126k92a\">\n<div dir=\"auto\" style=\"text-align: justify;\">Agradecemos sinceramente a la Ilustre Municipalidad de Talcahuano por facilitar los espacios del Teatro Dante, permitiendo que esta significativa actividad formativa se llevara a cabo con \u00e9xito.<\/div>\n<\/div>\n<p>[\/vc_column_text][vc_gallery type=&#8221;image_grid&#8221; images=&#8221;12351,12352,12353,12354,12355,12356,12357,12358&#8243;][vc_column_text]PARA VER LA GALER\u00cdA COMPLETA PINCHE AQU\u00cd: <a href=\"https:\/\/www.facebook.com\/photo?fbid=2168283796933945&amp;set=pcb.2168285653600426\">https:\/\/www.facebook.com\/photo?fbid=2168283796933945&amp;set=pcb.2168285653600426<\/a>[\/vc_column_text][\/vc_column][\/vc_row]<\/p>\n","protected":false},"excerpt":{"rendered":"<p>[vc_row][vc_column][vc_column_text] Con motivo del Mes del Libro, apoderados del Colegio Etchegoyen participaron en una emotiva jornada cultural en el Teatro Dante de Talcahuano, donde presentaron a los estudiantes&#8230;<\/p>\n","protected":false},"author":1,"featured_media":0,"comment_status":"closed","ping_status":"closed","sticky":false,"template":"","format":"standard","meta":{"footnotes":"","_links_to":"","_links_to_target":""},"categories":[55],"tags":[],"class_list":["post-12347","post","type-post","status-publish","format-standard","hentry","category-noticias"],"_links":{"self":[{"href":"http:\/\/etchegoyen.cl\/casacentral\/wp-json\/wp\/v2\/posts\/12347","targetHints":{"allow":["GET"]}}],"collection":[{"href":"http:\/\/etchegoyen.cl\/casacentral\/wp-json\/wp\/v2\/posts"}],"about":[{"href":"http:\/\/etchegoyen.cl\/casacentral\/wp-json\/wp\/v2\/types\/post"}],"author":[{"embeddable":true,"href":"http:\/\/etchegoyen.cl\/casacentral\/wp-json\/wp\/v2\/users\/1"}],"replies":[{"embeddable":true,"href":"http:\/\/etchegoyen.cl\/casacentral\/wp-json\/wp\/v2\/comments?post=12347"}],"version-history":[{"count":3,"href":"http:\/\/etchegoyen.cl\/casacentral\/wp-json\/wp\/v2\/posts\/12347\/revisions"}],"predecessor-version":[{"id":12359,"href":"http:\/\/etchegoyen.cl\/casacentral\/wp-json\/wp\/v2\/posts\/12347\/revisions\/12359"}],"wp:attachment":[{"href":"http:\/\/etchegoyen.cl\/casacentral\/wp-json\/wp\/v2\/media?parent=12347"}],"wp:term":[{"taxonomy":"category","embeddable":true,"href":"http:\/\/etchegoyen.cl\/casacentral\/wp-json\/wp\/v2\/categories?post=12347"},{"taxonomy":"post_tag","embeddable":true,"href":"http:\/\/etchegoyen.cl\/casacentral\/wp-json\/wp\/v2\/tags?post=12347"}],"curies":[{"name":"wp","href":"https:\/\/api.w.org\/{rel}","templated":true}]}}