{"id":12362,"date":"2025-04-30T10:22:22","date_gmt":"2025-04-30T14:22:22","guid":{"rendered":"http:\/\/etchegoyen.cl\/casacentral\/?p=12362"},"modified":"2025-04-30T10:27:22","modified_gmt":"2025-04-30T14:27:22","slug":"gran-feria-del-libro-2025-2","status":"publish","type":"post","link":"http:\/\/etchegoyen.cl\/casacentral\/2025\/04\/30\/gran-feria-del-libro-2025-2\/","title":{"rendered":"GRAN FERIA DEL LIBRO 2025"},"content":{"rendered":"<p>[vc_row][vc_column][vc_column_text]<\/p>\n<p class=\"\" data-start=\"138\" data-end=\"475\">El pasado 22 de abril se realiz\u00f3 en el hall de nuestra Casa Central la <em data-start=\"209\" data-end=\"236\">Gran Feria del Libro 2025<\/em>, una actividad enmarcada dentro de la celebraci\u00f3n del <em data-start=\"291\" data-end=\"306\">Mes del Libro<\/em>. En esta ocasi\u00f3n, estudiantes desde 7\u00ba b\u00e1sico hasta 4\u00ba medio participaron activamente instalando sus propios stands, donde ofrecieron libros para la venta o el trueque.<\/p>\n<p class=\"\" data-start=\"477\" data-end=\"613\">Cada curso recaud\u00f3 fondos destinados a iniciativas propias, promoviendo as\u00ed el emprendimiento, la colaboraci\u00f3n y el amor por la lectura.<\/p>\n<p class=\"\" data-start=\"615\" data-end=\"811\">Agradecemos la entusiasta participaci\u00f3n de nuestra comunidad educativa y nos complace anunciar que, debido al excelente recibimiento, esta actividad se realizar\u00e1 cada a\u00f1o durante el Mes del Libro.<\/p>\n<p>[\/vc_column_text][vc_gallery type=&#8221;image_grid&#8221; images=&#8221;12366,12367,12368,12369,12370,12371,12372,12373&#8243;][\/vc_column][\/vc_row]<\/p>\n","protected":false},"excerpt":{"rendered":"<p>[vc_row][vc_column][vc_column_text] El pasado 22 de abril se realiz\u00f3 en el hall de nuestra Casa Central la Gran Feria del Libro 2025, una actividad enmarcada dentro de la celebraci\u00f3n&#8230;<\/p>\n","protected":false},"author":1,"featured_media":0,"comment_status":"closed","ping_status":"closed","sticky":false,"template":"","format":"standard","meta":{"footnotes":"","_links_to":"","_links_to_target":""},"categories":[55],"tags":[],"class_list":["post-12362","post","type-post","status-publish","format-standard","hentry","category-noticias"],"_links":{"self":[{"href":"http:\/\/etchegoyen.cl\/casacentral\/wp-json\/wp\/v2\/posts\/12362","targetHints":{"allow":["GET"]}}],"collection":[{"href":"http:\/\/etchegoyen.cl\/casacentral\/wp-json\/wp\/v2\/posts"}],"about":[{"href":"http:\/\/etchegoyen.cl\/casacentral\/wp-json\/wp\/v2\/types\/post"}],"author":[{"embeddable":true,"href":"http:\/\/etchegoyen.cl\/casacentral\/wp-json\/wp\/v2\/users\/1"}],"replies":[{"embeddable":true,"href":"http:\/\/etchegoyen.cl\/casacentral\/wp-json\/wp\/v2\/comments?post=12362"}],"version-history":[{"count":3,"href":"http:\/\/etchegoyen.cl\/casacentral\/wp-json\/wp\/v2\/posts\/12362\/revisions"}],"predecessor-version":[{"id":12374,"href":"http:\/\/etchegoyen.cl\/casacentral\/wp-json\/wp\/v2\/posts\/12362\/revisions\/12374"}],"wp:attachment":[{"href":"http:\/\/etchegoyen.cl\/casacentral\/wp-json\/wp\/v2\/media?parent=12362"}],"wp:term":[{"taxonomy":"category","embeddable":true,"href":"http:\/\/etchegoyen.cl\/casacentral\/wp-json\/wp\/v2\/categories?post=12362"},{"taxonomy":"post_tag","embeddable":true,"href":"http:\/\/etchegoyen.cl\/casacentral\/wp-json\/wp\/v2\/tags?post=12362"}],"curies":[{"name":"wp","href":"https:\/\/api.w.org\/{rel}","templated":true}]}}