{"id":12375,"date":"2025-04-30T16:52:13","date_gmt":"2025-04-30T20:52:13","guid":{"rendered":"http:\/\/etchegoyen.cl\/casacentral\/?p=12375"},"modified":"2025-04-30T16:58:03","modified_gmt":"2025-04-30T20:58:03","slug":"dia-del-libro-y-el-derecho-de-autor","status":"publish","type":"post","link":"http:\/\/etchegoyen.cl\/casacentral\/2025\/04\/30\/dia-del-libro-y-el-derecho-de-autor\/","title":{"rendered":"D\u00cdA DEL LIBRO Y EL DERECHO DE AUTOR"},"content":{"rendered":"<p>[vc_row][vc_column][vc_column_text]<\/p>\n<div class=\"x11i5rnm xat24cr x1mh8g0r x1vvkbs xtlvy1s x126k92a\">\n<div dir=\"auto\" style=\"text-align: justify;\">El D\u00eda del Libro es una invitaci\u00f3n a reflexionar sobre el valor m\u00e1s profundo de la lectura: un acto libre, voluntario y profundamente \u00edntimo. Leer no es solo una actividad intelectual, es un ejercicio de amor propio, una forma de encontrarnos con nosotros mismos, quiz\u00e1s justo en esa p\u00e1gina que nos espera a la vuelta de la esquina.<\/div>\n<div dir=\"auto\" style=\"text-align: justify;\"><\/div>\n<\/div>\n<div class=\"x11i5rnm xat24cr x1mh8g0r x1vvkbs xtlvy1s x126k92a\" style=\"text-align: justify;\">\n<div dir=\"auto\">No podemos ignorar una verdad fundamental: la mayor amenaza para una sociedad es la ignorancia. Si una naci\u00f3n desea superar el subdesarrollo econ\u00f3mico, debe comenzar por erradicar la pobreza mental. \u201cLa cultura engendra progreso\u201d, afirmaba Jos\u00e9 Vasconcelos, y sin ella es imposible exigirle a un pueblo una conducta moral elevada.<\/div>\n<div dir=\"auto\"><\/div>\n<\/div>\n<div class=\"x11i5rnm xat24cr x1mh8g0r x1vvkbs xtlvy1s x126k92a\" style=\"text-align: justify;\">\n<div dir=\"auto\">La moral colectiva de una sociedad se forma, en gran medida, a trav\u00e9s de sus lecturas. Por eso, leer no debe reducirse a decodificar palabras, sino a comprender ideas, a interpretarlas, valorarlas y, cuando sea necesario, cuestionarlas. Leer es recrear mundos, es dialogar con el pensamiento del otro y, sobre todo, con el propio.<\/div>\n<div dir=\"auto\"><\/div>\n<\/div>\n<div class=\"x11i5rnm xat24cr x1mh8g0r x1vvkbs xtlvy1s x126k92a\">\n<div dir=\"auto\" style=\"text-align: justify;\">No esperemos que alguien nos convenza de por qu\u00e9 es importante leer. La lectura es un acto de libertad, una decisi\u00f3n que nace del deseo de crecer, de conocerse, de expandirse. Tus lecturas son el reflejo de tu alma. No digas que leer es aburrido; tal vez solo necesitas encontrar el libro adecuado, ese que conecte con tus intereses, tus pasiones y tus preguntas m\u00e1s profundas.<\/div>\n<\/div>\n<p>[\/vc_column_text][vc_gallery type=&#8221;image_grid&#8221; images=&#8221;12378,12379,12380,12381,12382,12383,12384,12385&#8243;][vc_column_text]PARA VER LA GALER\u00cdA COMPLETA PINCHE AQU\u00cd: <a href=\"https:\/\/www.facebook.com\/photo\/?fbid=2169279740167684&amp;set=pcb.2169280656834259\">https:\/\/www.facebook.com\/photo\/?fbid=2169279740167684&amp;set=pcb.2169280656834259<\/a>[\/vc_column_text][\/vc_column][\/vc_row]<\/p>\n","protected":false},"excerpt":{"rendered":"<p>[vc_row][vc_column][vc_column_text] El D\u00eda del Libro es una invitaci\u00f3n a reflexionar sobre el valor m\u00e1s profundo de la lectura: un acto libre, voluntario y profundamente \u00edntimo. Leer no es&#8230;<\/p>\n","protected":false},"author":1,"featured_media":0,"comment_status":"open","ping_status":"open","sticky":false,"template":"","format":"standard","meta":{"footnotes":"","_links_to":"","_links_to_target":""},"categories":[55],"tags":[],"class_list":["post-12375","post","type-post","status-publish","format-standard","hentry","category-noticias"],"_links":{"self":[{"href":"http:\/\/etchegoyen.cl\/casacentral\/wp-json\/wp\/v2\/posts\/12375","targetHints":{"allow":["GET"]}}],"collection":[{"href":"http:\/\/etchegoyen.cl\/casacentral\/wp-json\/wp\/v2\/posts"}],"about":[{"href":"http:\/\/etchegoyen.cl\/casacentral\/wp-json\/wp\/v2\/types\/post"}],"author":[{"embeddable":true,"href":"http:\/\/etchegoyen.cl\/casacentral\/wp-json\/wp\/v2\/users\/1"}],"replies":[{"embeddable":true,"href":"http:\/\/etchegoyen.cl\/casacentral\/wp-json\/wp\/v2\/comments?post=12375"}],"version-history":[{"count":3,"href":"http:\/\/etchegoyen.cl\/casacentral\/wp-json\/wp\/v2\/posts\/12375\/revisions"}],"predecessor-version":[{"id":12386,"href":"http:\/\/etchegoyen.cl\/casacentral\/wp-json\/wp\/v2\/posts\/12375\/revisions\/12386"}],"wp:attachment":[{"href":"http:\/\/etchegoyen.cl\/casacentral\/wp-json\/wp\/v2\/media?parent=12375"}],"wp:term":[{"taxonomy":"category","embeddable":true,"href":"http:\/\/etchegoyen.cl\/casacentral\/wp-json\/wp\/v2\/categories?post=12375"},{"taxonomy":"post_tag","embeddable":true,"href":"http:\/\/etchegoyen.cl\/casacentral\/wp-json\/wp\/v2\/tags?post=12375"}],"curies":[{"name":"wp","href":"https:\/\/api.w.org\/{rel}","templated":true}]}}