{"id":14046,"date":"2026-04-28T08:52:08","date_gmt":"2026-04-28T12:52:08","guid":{"rendered":"https:\/\/etchegoyen.cl\/casacentral\/?p=14046"},"modified":"2026-04-28T08:54:15","modified_gmt":"2026-04-28T12:54:15","slug":"estudiantes-participan-en-actividad-de-educacion-ambiental-en-la-costanera-de-talcahuano","status":"publish","type":"post","link":"http:\/\/etchegoyen.cl\/casacentral\/2026\/04\/28\/estudiantes-participan-en-actividad-de-educacion-ambiental-en-la-costanera-de-talcahuano\/","title":{"rendered":"ESTUDIANTES PARTICIPAN EN ACTIVIDAD DE EDUCACI\u00d3N AMBIENTAL EN LA COSTANERA DE TALCAHUANO"},"content":{"rendered":"<p>[vc_row][vc_column][vc_column_text]<\/p>\n<div class=\"x14z9mp xat24cr x1lziwak x1vvkbs xtlvy1s x126k92a\">\n<div dir=\"auto\" style=\"text-align: justify;\">Con el objetivo de fortalecer el aprendizaje en torno al cuidado del medio ambiente, estudiantes participaron en una significativa actividad pedag\u00f3gica desarrollada en la playa de la Costanera de Talcahuano. Esta instancia se enmarca en las acciones del Proyecto de Mejoramiento Educativo (PME) y en el proyecto liderado por la educadora Macarena Pinilla, orientado al desarrollo de iniciativas que contribuyan a la obtenci\u00f3n de la certificaci\u00f3n medioambiental del establecimiento.<\/div>\n<div dir=\"auto\" style=\"text-align: justify;\"><\/div>\n<\/div>\n<div class=\"x14z9mp xat24cr x1lziwak x1vvkbs xtlvy1s x126k92a\" style=\"text-align: justify;\">\n<div dir=\"auto\">La jornada se caracteriz\u00f3 por promover un aprendizaje significativo y contextualizado, permitiendo a los p\u00e1rvulos vincular los contenidos abordados en el aula con su entorno cercano. A trav\u00e9s de experiencias directas en un espacio natural, los estudiantes reforzaron valores asociados al respeto, cuidado y protecci\u00f3n del medio ambiente.<\/div>\n<div dir=\"auto\"><\/div>\n<\/div>\n<div class=\"x14z9mp xat24cr x1lziwak x1vvkbs xtlvy1s x126k92a\">\n<div dir=\"auto\" style=\"text-align: justify;\">Cabe destacar el importante apoyo de las familias, quienes se sumaron activamente a la actividad, fortaleciendo el trabajo colaborativo entre el hogar y el establecimiento educacional. Asimismo, la participaci\u00f3n de todos los agentes educativos fue clave para el desarrollo exitoso de esta iniciativa, reafirmando el compromiso de la comunidad educativa con la formaci\u00f3n integral de sus estudiantes y la promoci\u00f3n de una cultura sustentable.<\/div>\n<\/div>\n<p>[\/vc_column_text][vc_gallery type=&#8221;image_grid&#8221; images=&#8221;14050,14051,14052,14053,14054,14055,14056,14057&#8243;][\/vc_column][\/vc_row]<\/p>\n","protected":false},"excerpt":{"rendered":"<p>[vc_row][vc_column][vc_column_text] Con el objetivo de fortalecer el aprendizaje en torno al cuidado del medio ambiente, estudiantes participaron en una significativa actividad pedag\u00f3gica desarrollada en la playa de la&#8230;<\/p>\n","protected":false},"author":1,"featured_media":14048,"comment_status":"closed","ping_status":"closed","sticky":false,"template":"","format":"standard","meta":{"footnotes":"","_links_to":"","_links_to_target":""},"categories":[55],"tags":[],"class_list":["post-14046","post","type-post","status-publish","format-standard","has-post-thumbnail","hentry","category-noticias"],"_links":{"self":[{"href":"http:\/\/etchegoyen.cl\/casacentral\/wp-json\/wp\/v2\/posts\/14046","targetHints":{"allow":["GET"]}}],"collection":[{"href":"http:\/\/etchegoyen.cl\/casacentral\/wp-json\/wp\/v2\/posts"}],"about":[{"href":"http:\/\/etchegoyen.cl\/casacentral\/wp-json\/wp\/v2\/types\/post"}],"author":[{"embeddable":true,"href":"http:\/\/etchegoyen.cl\/casacentral\/wp-json\/wp\/v2\/users\/1"}],"replies":[{"embeddable":true,"href":"http:\/\/etchegoyen.cl\/casacentral\/wp-json\/wp\/v2\/comments?post=14046"}],"version-history":[{"count":3,"href":"http:\/\/etchegoyen.cl\/casacentral\/wp-json\/wp\/v2\/posts\/14046\/revisions"}],"predecessor-version":[{"id":14058,"href":"http:\/\/etchegoyen.cl\/casacentral\/wp-json\/wp\/v2\/posts\/14046\/revisions\/14058"}],"wp:featuredmedia":[{"embeddable":true,"href":"http:\/\/etchegoyen.cl\/casacentral\/wp-json\/wp\/v2\/media\/14048"}],"wp:attachment":[{"href":"http:\/\/etchegoyen.cl\/casacentral\/wp-json\/wp\/v2\/media?parent=14046"}],"wp:term":[{"taxonomy":"category","embeddable":true,"href":"http:\/\/etchegoyen.cl\/casacentral\/wp-json\/wp\/v2\/categories?post=14046"},{"taxonomy":"post_tag","embeddable":true,"href":"http:\/\/etchegoyen.cl\/casacentral\/wp-json\/wp\/v2\/tags?post=14046"}],"curies":[{"name":"wp","href":"https:\/\/api.w.org\/{rel}","templated":true}]}}