{"id":14072,"date":"2026-04-30T14:27:26","date_gmt":"2026-04-30T18:27:26","guid":{"rendered":"https:\/\/etchegoyen.cl\/casacentral\/?p=14072"},"modified":"2026-04-30T14:32:13","modified_gmt":"2026-04-30T18:32:13","slug":"visita-pedagogica-a-casa-del-arte-de-la-universidad-de-concepcion","status":"publish","type":"post","link":"http:\/\/etchegoyen.cl\/casacentral\/2026\/04\/30\/visita-pedagogica-a-casa-del-arte-de-la-universidad-de-concepcion\/","title":{"rendered":"VISITA PEDAG\u00d3GICA A CASA DEL ARTE DE LA UNIVERSIDAD DE CONCEPCI\u00d3N"},"content":{"rendered":"<p>[vc_row][vc_column][vc_column_text]<\/p>\n<div class=\"x14z9mp xat24cr x1lziwak x1vvkbs xtlvy1s x126k92a\">\n<div dir=\"auto\" style=\"text-align: justify;\">En el marco de la unidad de Muralismo de la asignatura de Artes Visuales de 4to A\u00f1o Medio, dictada por el profesor Ram\u00f3n Mu\u00f1oz Coloma, se realiz\u00f3 una visita pedag\u00f3gica programada a la Casa del Arte de la Universidad de Concepci\u00f3n. Esta actividad se llev\u00f3 a cabo los d\u00edas martes 28 y mi\u00e9rcoles 29 de abril. En aquella oportunidad, los alumnos y alumnas recorrieron las salas de exposiciones del museo, y recibieron las explicaciones de la gu\u00eda de la Pinacoteca universitaria, especialmente sobre el mural \u201cPresencia de Am\u00e9rica Latina\u201d, obra del pintor mexicano Jorge Gonz\u00e1lez Camarena.<\/div>\n<div dir=\"auto\" style=\"text-align: justify;\"><\/div>\n<\/div>\n<div class=\"x14z9mp xat24cr x1lziwak x1vvkbs xtlvy1s x126k92a\">\n<div dir=\"auto\" style=\"text-align: justify;\">En dichas visitas se cont\u00f3 con la colaboraci\u00f3n de la profesora diferencial del Programa de Integraci\u00f3n Escolar (PIE) Stephany Paredes Osses. Para muchos de los estudiantes fue la primera vez que visitaban el museo y manifestaron su alegr\u00eda de haber tenido aquella oportunidad, que les permite no solo conocer el lenguaje del muralismo, sino adem\u00e1s de ampliar su capital cultural y simb\u00f3lico.<\/div>\n<\/div>\n<p>[\/vc_column_text][vc_gallery type=&#8221;image_grid&#8221; images=&#8221;14076,14077,14078,14079,14080,14081,14082&#8243;][vc_column_text]PARA VER LA GALER\u00cdA COMPLETA PINCHE AQU\u00cd: <a href=\"https:\/\/www.facebook.com\/photo\/?fbid=2488036021625386&amp;set=pcb.2488037101625278\">https:\/\/www.facebook.com\/photo\/?fbid=2488036021625386&amp;set=pcb.2488037101625278<\/a>[\/vc_column_text][\/vc_column][\/vc_row]<\/p>\n","protected":false},"excerpt":{"rendered":"<p>[vc_row][vc_column][vc_column_text] En el marco de la unidad de Muralismo de la asignatura de Artes Visuales de 4to A\u00f1o Medio, dictada por el profesor Ram\u00f3n Mu\u00f1oz Coloma, se realiz\u00f3&#8230;<\/p>\n","protected":false},"author":1,"featured_media":14074,"comment_status":"closed","ping_status":"closed","sticky":false,"template":"","format":"standard","meta":{"footnotes":"","_links_to":"","_links_to_target":""},"categories":[55],"tags":[],"class_list":["post-14072","post","type-post","status-publish","format-standard","has-post-thumbnail","hentry","category-noticias"],"_links":{"self":[{"href":"http:\/\/etchegoyen.cl\/casacentral\/wp-json\/wp\/v2\/posts\/14072","targetHints":{"allow":["GET"]}}],"collection":[{"href":"http:\/\/etchegoyen.cl\/casacentral\/wp-json\/wp\/v2\/posts"}],"about":[{"href":"http:\/\/etchegoyen.cl\/casacentral\/wp-json\/wp\/v2\/types\/post"}],"author":[{"embeddable":true,"href":"http:\/\/etchegoyen.cl\/casacentral\/wp-json\/wp\/v2\/users\/1"}],"replies":[{"embeddable":true,"href":"http:\/\/etchegoyen.cl\/casacentral\/wp-json\/wp\/v2\/comments?post=14072"}],"version-history":[{"count":3,"href":"http:\/\/etchegoyen.cl\/casacentral\/wp-json\/wp\/v2\/posts\/14072\/revisions"}],"predecessor-version":[{"id":14075,"href":"http:\/\/etchegoyen.cl\/casacentral\/wp-json\/wp\/v2\/posts\/14072\/revisions\/14075"}],"wp:featuredmedia":[{"embeddable":true,"href":"http:\/\/etchegoyen.cl\/casacentral\/wp-json\/wp\/v2\/media\/14074"}],"wp:attachment":[{"href":"http:\/\/etchegoyen.cl\/casacentral\/wp-json\/wp\/v2\/media?parent=14072"}],"wp:term":[{"taxonomy":"category","embeddable":true,"href":"http:\/\/etchegoyen.cl\/casacentral\/wp-json\/wp\/v2\/categories?post=14072"},{"taxonomy":"post_tag","embeddable":true,"href":"http:\/\/etchegoyen.cl\/casacentral\/wp-json\/wp\/v2\/tags?post=14072"}],"curies":[{"name":"wp","href":"https:\/\/api.w.org\/{rel}","templated":true}]}}