{"id":7917,"date":"2023-05-10T15:43:46","date_gmt":"2023-05-10T19:43:46","guid":{"rendered":"http:\/\/etchegoyen.cl\/casacentral\/?p=7917"},"modified":"2023-05-10T15:47:45","modified_gmt":"2023-05-10T19:47:45","slug":"investidura-cees-2023","status":"publish","type":"post","link":"http:\/\/etchegoyen.cl\/casacentral\/2023\/05\/10\/investidura-cees-2023\/","title":{"rendered":"INVESTIDURA CEES 2023"},"content":{"rendered":"<p>[vc_row][vc_column][vc_column_text]<\/p>\n<div class=\"x11i5rnm xat24cr x1mh8g0r x1vvkbs xtlvy1s x126k92a\">\n<div dir=\"auto\">En el Marco del proceso de elecciones de nuestro nuevo Centro de Estudiantes 2023, este martes 09 de mayo, docentes de la Sede Casa Central, participaron de la investidura de la Lista 1 quien fue la ganadora, la que est\u00e1 conformada por los estudiantes:<\/div>\n<div dir=\"auto\"><\/div>\n<\/div>\n<div class=\"x11i5rnm xat24cr x1mh8g0r x1vvkbs xtlvy1s x126k92a\">\n<div dir=\"auto\">\u2022 Presidente \u2013 Catalina Orme\u00f1o Retamal del 3\u00ba medio A.<\/div>\n<div dir=\"auto\">\u2022 Tesorero \u2013 Jos\u00e9 Rodr\u00edguez Lagos del 3\u00ba medio A.<\/div>\n<div dir=\"auto\">\u2022 Secretaria \u2013 Giselle V\u00e1squez Vel\u00e1squez del 3\u00ba medio A.<\/div>\n<div dir=\"auto\">\u2022 Delegado Acad\u00e9mico: Mat\u00edas P\u00e9rez Luarte del 3\u00ba medio A.<\/div>\n<div dir=\"auto\">\u2022 Delegada Relaciones P\u00fablicas \u2013 Valentina Palomino Inzunza del 3\u00ba medio C.<\/div>\n<div dir=\"auto\">\u2022 Delegado de Deportes- Bel\u00e9n Campos Olate del 4\u00ba medio B.<\/div>\n<div dir=\"auto\">\u2022 Vicepresidenta \u2013 Montserrat Lavados Rubecar del 3\u00ba medio C.<\/div>\n<div dir=\"auto\">\u2022 Co- delegado de Deporte \u2013 Mat\u00edas Arroyo Quintero del 4\u00ba medio B.<\/div>\n<div dir=\"auto\"><\/div>\n<\/div>\n<div class=\"x11i5rnm xat24cr x1mh8g0r x1vvkbs xtlvy1s x126k92a\">\n<div dir=\"auto\">En este contexto extendemos tambi\u00e9n nuestras felicitaciones al TRICEL:<\/div>\n<div dir=\"auto\"><\/div>\n<div dir=\"auto\">\u2022 Maira C\u00e1rcamo Carrillo del 3\u00ba medio A.<\/div>\n<div dir=\"auto\">\u2022 Diego San Mart\u00edn S\u00e1ez del 4\u00ba medio B.<\/div>\n<div dir=\"auto\">\u2022 Nicolas Reyes Salamanca del 2\u00ba medio C.<\/div>\n<div dir=\"auto\">\u2022 Pablo Cuiti\u00f1o Valladares del 1\u00ba medio D.<\/div>\n<div dir=\"auto\">\u2022 Paula Carrasco Leal del 8 b\u00e1sico B.<\/div>\n<div dir=\"auto\"><\/div>\n<\/div>\n<div class=\"x11i5rnm xat24cr x1mh8g0r x1vvkbs xtlvy1s x126k92a\">\n<div dir=\"auto\">Agradecemos el desempe\u00f1o en este papel importante durante todo el proceso, adem\u00e1s aprovechamos de invitar a toda nuestra comunidad a participar de cada una de las actividades de nuestro nuevo centro de estudiantes 2023.<\/div>\n<\/div>\n<p>[\/vc_column_text][vc_gallery type=&#8221;image_grid&#8221; images=&#8221;7920,7921,7922,7923,7924,7925,7926,7927&#8243;][\/vc_column][\/vc_row]<\/p>\n","protected":false},"excerpt":{"rendered":"<p>[vc_row][vc_column][vc_column_text] En el Marco del proceso de elecciones de nuestro nuevo Centro de Estudiantes 2023, este martes 09 de mayo, docentes de la Sede Casa Central, participaron de&#8230;<\/p>\n","protected":false},"author":1,"featured_media":0,"comment_status":"closed","ping_status":"closed","sticky":false,"template":"","format":"standard","meta":{"footnotes":"","_links_to":"","_links_to_target":""},"categories":[55],"tags":[],"class_list":["post-7917","post","type-post","status-publish","format-standard","hentry","category-noticias"],"_links":{"self":[{"href":"http:\/\/etchegoyen.cl\/casacentral\/wp-json\/wp\/v2\/posts\/7917","targetHints":{"allow":["GET"]}}],"collection":[{"href":"http:\/\/etchegoyen.cl\/casacentral\/wp-json\/wp\/v2\/posts"}],"about":[{"href":"http:\/\/etchegoyen.cl\/casacentral\/wp-json\/wp\/v2\/types\/post"}],"author":[{"embeddable":true,"href":"http:\/\/etchegoyen.cl\/casacentral\/wp-json\/wp\/v2\/users\/1"}],"replies":[{"embeddable":true,"href":"http:\/\/etchegoyen.cl\/casacentral\/wp-json\/wp\/v2\/comments?post=7917"}],"version-history":[{"count":3,"href":"http:\/\/etchegoyen.cl\/casacentral\/wp-json\/wp\/v2\/posts\/7917\/revisions"}],"predecessor-version":[{"id":7929,"href":"http:\/\/etchegoyen.cl\/casacentral\/wp-json\/wp\/v2\/posts\/7917\/revisions\/7929"}],"wp:attachment":[{"href":"http:\/\/etchegoyen.cl\/casacentral\/wp-json\/wp\/v2\/media?parent=7917"}],"wp:term":[{"taxonomy":"category","embeddable":true,"href":"http:\/\/etchegoyen.cl\/casacentral\/wp-json\/wp\/v2\/categories?post=7917"},{"taxonomy":"post_tag","embeddable":true,"href":"http:\/\/etchegoyen.cl\/casacentral\/wp-json\/wp\/v2\/tags?post=7917"}],"curies":[{"name":"wp","href":"https:\/\/api.w.org\/{rel}","templated":true}]}}