{"id":7942,"date":"2023-05-15T16:41:07","date_gmt":"2023-05-15T20:41:07","guid":{"rendered":"http:\/\/etchegoyen.cl\/casacentral\/?p=7942"},"modified":"2023-05-15T16:42:49","modified_gmt":"2023-05-15T20:42:49","slug":"dia-del-estudiante-2023","status":"publish","type":"post","link":"http:\/\/etchegoyen.cl\/casacentral\/2023\/05\/15\/dia-del-estudiante-2023\/","title":{"rendered":"D\u00eda del Estudiante 2023"},"content":{"rendered":"<p>[vc_row][vc_column][vc_column_text]<\/p>\n<div class=\"x11i5rnm xat24cr x1mh8g0r x1vvkbs xtlvy1s x126k92a\">\n<div dir=\"auto\" style=\"text-align: justify;\">Este viernes 12 de mayo, se celebr\u00f3 en Casa Central, el D\u00eda del Alumno y donde se conmemora en esta jornada a los estudiantes en todos los establecimientos de nuestro pa\u00eds.<\/div>\n<\/div>\n<div class=\"x11i5rnm xat24cr x1mh8g0r x1vvkbs xtlvy1s x126k92a\" style=\"text-align: justify;\">\n<div dir=\"auto\">En esta ocasi\u00f3n en el gimnasio A, B y en ambos patios los estudiantes disfrutaron de variadas actividades como fueron las deportivas, bailables y shows de actuaci\u00f3n por parte de sus docentes.<\/div>\n<div dir=\"auto\"><\/div>\n<\/div>\n<div class=\"x11i5rnm xat24cr x1mh8g0r x1vvkbs xtlvy1s x126k92a\">\n<div dir=\"auto\" style=\"text-align: justify;\">Saludamos cari\u00f1osamente a todo el estudiantado en su d\u00eda y esperamos lo hayan disfrutado.<\/div>\n<\/div>\n<p>[\/vc_column_text][vc_gallery type=&#8221;image_grid&#8221; images=&#8221;7944,7945,7946,7947,7948,7949,7950,7951&#8243;][\/vc_column][\/vc_row]<\/p>\n","protected":false},"excerpt":{"rendered":"<p>[vc_row][vc_column][vc_column_text] Este viernes 12 de mayo, se celebr\u00f3 en Casa Central, el D\u00eda del Alumno y donde se conmemora en esta jornada a los estudiantes en todos los&#8230;<\/p>\n","protected":false},"author":1,"featured_media":0,"comment_status":"closed","ping_status":"closed","sticky":false,"template":"","format":"standard","meta":{"footnotes":"","_links_to":"","_links_to_target":""},"categories":[55],"tags":[],"class_list":["post-7942","post","type-post","status-publish","format-standard","hentry","category-noticias"],"_links":{"self":[{"href":"http:\/\/etchegoyen.cl\/casacentral\/wp-json\/wp\/v2\/posts\/7942","targetHints":{"allow":["GET"]}}],"collection":[{"href":"http:\/\/etchegoyen.cl\/casacentral\/wp-json\/wp\/v2\/posts"}],"about":[{"href":"http:\/\/etchegoyen.cl\/casacentral\/wp-json\/wp\/v2\/types\/post"}],"author":[{"embeddable":true,"href":"http:\/\/etchegoyen.cl\/casacentral\/wp-json\/wp\/v2\/users\/1"}],"replies":[{"embeddable":true,"href":"http:\/\/etchegoyen.cl\/casacentral\/wp-json\/wp\/v2\/comments?post=7942"}],"version-history":[{"count":3,"href":"http:\/\/etchegoyen.cl\/casacentral\/wp-json\/wp\/v2\/posts\/7942\/revisions"}],"predecessor-version":[{"id":7953,"href":"http:\/\/etchegoyen.cl\/casacentral\/wp-json\/wp\/v2\/posts\/7942\/revisions\/7953"}],"wp:attachment":[{"href":"http:\/\/etchegoyen.cl\/casacentral\/wp-json\/wp\/v2\/media?parent=7942"}],"wp:term":[{"taxonomy":"category","embeddable":true,"href":"http:\/\/etchegoyen.cl\/casacentral\/wp-json\/wp\/v2\/categories?post=7942"},{"taxonomy":"post_tag","embeddable":true,"href":"http:\/\/etchegoyen.cl\/casacentral\/wp-json\/wp\/v2\/tags?post=7942"}],"curies":[{"name":"wp","href":"https:\/\/api.w.org\/{rel}","templated":true}]}}