{"id":7958,"date":"2023-05-17T12:40:06","date_gmt":"2023-05-17T16:40:06","guid":{"rendered":"http:\/\/etchegoyen.cl\/casacentral\/?p=7958"},"modified":"2023-05-17T12:42:36","modified_gmt":"2023-05-17T16:42:36","slug":"desfile-glorias-navales-2023","status":"publish","type":"post","link":"http:\/\/etchegoyen.cl\/casacentral\/2023\/05\/17\/desfile-glorias-navales-2023\/","title":{"rendered":"Desfile Glorias Navales 2023"},"content":{"rendered":"<p>[vc_row][vc_column][vc_column_text]<\/p>\n<p style=\"text-align: justify;\">Nuestro Colegio Etchegoyen Casa Central, particip\u00f3 nuevamente junto a miles de estudiantes en el desfile por las Glorias Navales, el cual no se desarrollaba desde la pandemia, y agrup\u00f3 a escolares provenientes de distintos puntos de la provincia de Concepci\u00f3n.<\/p>\n<p style=\"text-align: justify;\">En el lugar, se brind\u00f3 homenaje al h\u00e9roe nacional Arturo Prat y se record\u00f3 la gesta del combate Naval de Iquique, actividad que fue exitosa y cada establecimiento pudo lucir sus estandartes representativos.<\/p>\n<p>[\/vc_column_text][vc_column_text]<\/p>\n<p>I am text block. Click edit button to change this text. Lorem ipsum dolor sit amet, consectetur adipiscing elit. Ut elit tellus, luctus nec ullamcorper mattis, pulvinar dapibus leo.<\/p>\n<p>[\/vc_column_text][vc_gallery type=&#8221;image_grid&#8221; images=&#8221;7961,7962,7963,7964,7965,7966,7967,7968&#8243;][\/vc_column][\/vc_row]<\/p>\n","protected":false},"excerpt":{"rendered":"<p>[vc_row][vc_column][vc_column_text] Nuestro Colegio Etchegoyen Casa Central, particip\u00f3 nuevamente junto a miles de estudiantes en el desfile por las Glorias Navales, el cual no se desarrollaba desde la pandemia,&#8230;<\/p>\n","protected":false},"author":1,"featured_media":0,"comment_status":"closed","ping_status":"closed","sticky":false,"template":"","format":"standard","meta":{"footnotes":"","_links_to":"","_links_to_target":""},"categories":[55],"tags":[],"class_list":["post-7958","post","type-post","status-publish","format-standard","hentry","category-noticias"],"_links":{"self":[{"href":"http:\/\/etchegoyen.cl\/casacentral\/wp-json\/wp\/v2\/posts\/7958","targetHints":{"allow":["GET"]}}],"collection":[{"href":"http:\/\/etchegoyen.cl\/casacentral\/wp-json\/wp\/v2\/posts"}],"about":[{"href":"http:\/\/etchegoyen.cl\/casacentral\/wp-json\/wp\/v2\/types\/post"}],"author":[{"embeddable":true,"href":"http:\/\/etchegoyen.cl\/casacentral\/wp-json\/wp\/v2\/users\/1"}],"replies":[{"embeddable":true,"href":"http:\/\/etchegoyen.cl\/casacentral\/wp-json\/wp\/v2\/comments?post=7958"}],"version-history":[{"count":3,"href":"http:\/\/etchegoyen.cl\/casacentral\/wp-json\/wp\/v2\/posts\/7958\/revisions"}],"predecessor-version":[{"id":7970,"href":"http:\/\/etchegoyen.cl\/casacentral\/wp-json\/wp\/v2\/posts\/7958\/revisions\/7970"}],"wp:attachment":[{"href":"http:\/\/etchegoyen.cl\/casacentral\/wp-json\/wp\/v2\/media?parent=7958"}],"wp:term":[{"taxonomy":"category","embeddable":true,"href":"http:\/\/etchegoyen.cl\/casacentral\/wp-json\/wp\/v2\/categories?post=7958"},{"taxonomy":"post_tag","embeddable":true,"href":"http:\/\/etchegoyen.cl\/casacentral\/wp-json\/wp\/v2\/tags?post=7958"}],"curies":[{"name":"wp","href":"https:\/\/api.w.org\/{rel}","templated":true}]}}