{"id":7982,"date":"2023-05-23T09:05:27","date_gmt":"2023-05-23T13:05:27","guid":{"rendered":"http:\/\/etchegoyen.cl\/casacentral\/?p=7982"},"modified":"2023-05-23T09:09:27","modified_gmt":"2023-05-23T13:09:27","slug":"jornada-de-convivencia-escolar-practicas-para-el-buen-vivir","status":"publish","type":"post","link":"http:\/\/etchegoyen.cl\/casacentral\/2023\/05\/23\/jornada-de-convivencia-escolar-practicas-para-el-buen-vivir\/","title":{"rendered":"JORNADA DE CONVIVENCIA ESCOLAR &#8220;PR\u00c1CTICAS PARA EL BUEN VIVIR&#8221;"},"content":{"rendered":"<p>[vc_row][vc_column][vc_column_text]<\/p>\n<div class=\"x11i5rnm xat24cr x1mh8g0r x1vvkbs xtlvy1s x126k92a\">\n<div dir=\"auto\" style=\"text-align: justify;\">El d\u00eda s\u00e1bado 06 de mayo los estudiantes y apoderados del 2\u00b0MC de nuestro Establecimiento participaron de una Jornada de Convivencia escolar, la cual ten\u00eda entre sus objetivos entregar un espacio distinto de conocimiento y recreaci\u00f3n para nuestros educandos, propiciar una instancia que permita conocer a los apoderados las instalaciones del Colegio y adem\u00e1s reflexionar sobre las pr\u00e1cticas de convivencia que se viven a diario en este curso.<\/div>\n<div dir=\"auto\"><\/div>\n<\/div>\n<div class=\"x11i5rnm xat24cr x1mh8g0r x1vvkbs xtlvy1s x126k92a\" style=\"text-align: justify;\">\n<div dir=\"auto\">Durante esta Jornada los estudiantes tuvieron la oportunidad de compartir y conocer a los apoderados de sus compa\u00f1eros, a trav\u00e9s del desarrollo de actividades l\u00fadicas y tambi\u00e9n se abordaron estrategias de comunicaci\u00f3n efectiva a trav\u00e9s de la Comunicaci\u00f3n No Violenta (CNV).<\/div>\n<div dir=\"auto\"><\/div>\n<\/div>\n<div class=\"x11i5rnm xat24cr x1mh8g0r x1vvkbs xtlvy1s x126k92a\">\n<div dir=\"auto\" style=\"text-align: justify;\">Esta actividad fue moderada y planificada por la Profesora Jefe del curso Macarena Pinilla, a partir de las necesidades levantadas por los apoderados y estudiantes durante el a\u00f1o 2022 y que pudo ser materializada gracias al apoyo de todos y todas quienes participaron de esta instancia.<\/div>\n<\/div>\n<p>[\/vc_column_text][vc_gallery type=&#8221;image_grid&#8221; images=&#8221;7985,7986,7987,7988,7989,7990,7991,7992&#8243;][\/vc_column][\/vc_row]<\/p>\n","protected":false},"excerpt":{"rendered":"<p>[vc_row][vc_column][vc_column_text] El d\u00eda s\u00e1bado 06 de mayo los estudiantes y apoderados del 2\u00b0MC de nuestro Establecimiento participaron de una Jornada de Convivencia escolar, la cual ten\u00eda entre sus&#8230;<\/p>\n","protected":false},"author":1,"featured_media":0,"comment_status":"closed","ping_status":"closed","sticky":false,"template":"","format":"standard","meta":{"footnotes":"","_links_to":"","_links_to_target":""},"categories":[55],"tags":[],"class_list":["post-7982","post","type-post","status-publish","format-standard","hentry","category-noticias"],"_links":{"self":[{"href":"http:\/\/etchegoyen.cl\/casacentral\/wp-json\/wp\/v2\/posts\/7982","targetHints":{"allow":["GET"]}}],"collection":[{"href":"http:\/\/etchegoyen.cl\/casacentral\/wp-json\/wp\/v2\/posts"}],"about":[{"href":"http:\/\/etchegoyen.cl\/casacentral\/wp-json\/wp\/v2\/types\/post"}],"author":[{"embeddable":true,"href":"http:\/\/etchegoyen.cl\/casacentral\/wp-json\/wp\/v2\/users\/1"}],"replies":[{"embeddable":true,"href":"http:\/\/etchegoyen.cl\/casacentral\/wp-json\/wp\/v2\/comments?post=7982"}],"version-history":[{"count":3,"href":"http:\/\/etchegoyen.cl\/casacentral\/wp-json\/wp\/v2\/posts\/7982\/revisions"}],"predecessor-version":[{"id":7994,"href":"http:\/\/etchegoyen.cl\/casacentral\/wp-json\/wp\/v2\/posts\/7982\/revisions\/7994"}],"wp:attachment":[{"href":"http:\/\/etchegoyen.cl\/casacentral\/wp-json\/wp\/v2\/media?parent=7982"}],"wp:term":[{"taxonomy":"category","embeddable":true,"href":"http:\/\/etchegoyen.cl\/casacentral\/wp-json\/wp\/v2\/categories?post=7982"},{"taxonomy":"post_tag","embeddable":true,"href":"http:\/\/etchegoyen.cl\/casacentral\/wp-json\/wp\/v2\/tags?post=7982"}],"curies":[{"name":"wp","href":"https:\/\/api.w.org\/{rel}","templated":true}]}}