{"id":8703,"date":"2023-09-08T16:45:50","date_gmt":"2023-09-08T19:45:50","guid":{"rendered":"http:\/\/etchegoyen.cl\/casacentral\/?p=8703"},"modified":"2023-09-08T16:47:00","modified_gmt":"2023-09-08T19:47:00","slug":"conversatorio-democracia-derechos-humanos","status":"publish","type":"post","link":"http:\/\/etchegoyen.cl\/casacentral\/2023\/09\/08\/conversatorio-democracia-derechos-humanos\/","title":{"rendered":"CONVERSATORIO: DEMOCRACIA DERECHOS HUMANOS"},"content":{"rendered":"<p>[vc_row][vc_column][vc_column_text]<\/p>\n<p style=\"text-align: justify;\">En el marco del &#8220;Mes de la Memoria y Democracia&#8221;, cuyos lineamientos han sido entregados desde el Ministerio de Educaci\u00f3n y las orientaciones y normativas curriculares, tenemos el agrado de invitar a nuestros estudiantes a participar el d\u00eda lunes 11 de septiembre, a las 10:00 hrs. en el auditorio del colegio, a un conservatorio a cargo del profesor invitado, Doctor en Historia y acad\u00e9mico del Departamento de Historia de la Universidad de Concepci\u00f3n, Sr. Danny Mons\u00e1lvez A., cuyo objetivo es reflexionar y dialogar sobre la importancia de la democracia y los Derechos Humanos, su protecci\u00f3n y defensa, dentro de un Estado de Derecho .<\/p>\n<p style=\"text-align: justify;\">(La participaci\u00f3n al conversatorio es con autorizaci\u00f3n previa)<\/p>\n<p>[\/vc_column_text][\/vc_column][\/vc_row]<\/p>\n","protected":false},"excerpt":{"rendered":"<p>[vc_row][vc_column][vc_column_text] En el marco del &#8220;Mes de la Memoria y Democracia&#8221;, cuyos lineamientos han sido entregados desde el Ministerio de Educaci\u00f3n y las orientaciones y normativas curriculares, tenemos&#8230;<\/p>\n","protected":false},"author":1,"featured_media":8706,"comment_status":"closed","ping_status":"closed","sticky":false,"template":"","format":"standard","meta":{"footnotes":"","_links_to":"","_links_to_target":""},"categories":[55],"tags":[],"class_list":["post-8703","post","type-post","status-publish","format-standard","has-post-thumbnail","hentry","category-noticias"],"_links":{"self":[{"href":"http:\/\/etchegoyen.cl\/casacentral\/wp-json\/wp\/v2\/posts\/8703","targetHints":{"allow":["GET"]}}],"collection":[{"href":"http:\/\/etchegoyen.cl\/casacentral\/wp-json\/wp\/v2\/posts"}],"about":[{"href":"http:\/\/etchegoyen.cl\/casacentral\/wp-json\/wp\/v2\/types\/post"}],"author":[{"embeddable":true,"href":"http:\/\/etchegoyen.cl\/casacentral\/wp-json\/wp\/v2\/users\/1"}],"replies":[{"embeddable":true,"href":"http:\/\/etchegoyen.cl\/casacentral\/wp-json\/wp\/v2\/comments?post=8703"}],"version-history":[{"count":3,"href":"http:\/\/etchegoyen.cl\/casacentral\/wp-json\/wp\/v2\/posts\/8703\/revisions"}],"predecessor-version":[{"id":8710,"href":"http:\/\/etchegoyen.cl\/casacentral\/wp-json\/wp\/v2\/posts\/8703\/revisions\/8710"}],"wp:featuredmedia":[{"embeddable":true,"href":"http:\/\/etchegoyen.cl\/casacentral\/wp-json\/wp\/v2\/media\/8706"}],"wp:attachment":[{"href":"http:\/\/etchegoyen.cl\/casacentral\/wp-json\/wp\/v2\/media?parent=8703"}],"wp:term":[{"taxonomy":"category","embeddable":true,"href":"http:\/\/etchegoyen.cl\/casacentral\/wp-json\/wp\/v2\/categories?post=8703"},{"taxonomy":"post_tag","embeddable":true,"href":"http:\/\/etchegoyen.cl\/casacentral\/wp-json\/wp\/v2\/tags?post=8703"}],"curies":[{"name":"wp","href":"https:\/\/api.w.org\/{rel}","templated":true}]}}