{"id":8713,"date":"2023-09-12T14:26:57","date_gmt":"2023-09-12T17:26:57","guid":{"rendered":"http:\/\/etchegoyen.cl\/casacentral\/?p=8713"},"modified":"2023-09-12T14:28:58","modified_gmt":"2023-09-12T17:28:58","slug":"5a-fecha-de-la-liga-escolar-region-bio-bio","status":"publish","type":"post","link":"http:\/\/etchegoyen.cl\/casacentral\/2023\/09\/12\/5a-fecha-de-la-liga-escolar-region-bio-bio\/","title":{"rendered":"5\u00aa FECHA DE LA LIGA ESCOLAR REGI\u00d3N B\u00cdO-B\u00cdO"},"content":{"rendered":"<p>[vc_row][vc_column][vc_column_text]<\/p>\n<p style=\"text-align: justify;\">Los talleres de ajedrez del Colegio Etchegoyen Sede Central Talcahuano, a cargo de los profesores Ariel Mu\u00f1oz E. y David Caro C., en alianza con el Club de Ajedrez de Concepci\u00f3n, organizaron el d\u00eda s\u00e1bado 09 de septiembre la 5\u00ba fecha de La Liga Escolar Regi\u00f3n B\u00edo-B\u00edo, contando con la presencia de diferentes colegios no s\u00f3lo de la zona, sino de todo el pa\u00eds. La presencia masiva de estudiantes de todas las edades y niveles, marc\u00f3 la jornada. Agradecemos la concurrencia a las dependencias de nuestro colegio, de las diferentes delegaciones en conjunto con sus padres, familias, apoderados y apoderados, ayudando as\u00ed a la promoci\u00f3n y difusi\u00f3n de este hermoso deporte ciencia. Cabe destacar que esta Liga Regional entrega puntaje para Elo Fide Nacional (ranking o puntaje a nivel nacional)<\/p>\n<p style=\"text-align: justify;\">Nuestro colegio cont\u00f3 con importantes participaciones, obteniendo dos terceros lugares a nivel regional: Julio Silva del 2\u00ba medio D en la categor\u00eda sub 18, y Maelys Navarro del 6\u00ba A, en la categor\u00eda sub 12. \u00a1Felicitaciones!<\/p>\n<p>\u00a0[\/vc_column_text][vc_gallery type=&#8221;image_grid&#8221; images=&#8221;8717,8718,8719,8720,8721,8722,8723,8724&#8243;][\/vc_column][\/vc_row]<\/p>\n","protected":false},"excerpt":{"rendered":"<p>[vc_row][vc_column][vc_column_text] Los talleres de ajedrez del Colegio Etchegoyen Sede Central Talcahuano, a cargo de los profesores Ariel Mu\u00f1oz E. y David Caro C., en alianza con el Club&#8230;<\/p>\n","protected":false},"author":1,"featured_media":8725,"comment_status":"closed","ping_status":"closed","sticky":false,"template":"","format":"standard","meta":{"footnotes":"","_links_to":"","_links_to_target":""},"categories":[55],"tags":[],"class_list":["post-8713","post","type-post","status-publish","format-standard","has-post-thumbnail","hentry","category-noticias"],"_links":{"self":[{"href":"http:\/\/etchegoyen.cl\/casacentral\/wp-json\/wp\/v2\/posts\/8713","targetHints":{"allow":["GET"]}}],"collection":[{"href":"http:\/\/etchegoyen.cl\/casacentral\/wp-json\/wp\/v2\/posts"}],"about":[{"href":"http:\/\/etchegoyen.cl\/casacentral\/wp-json\/wp\/v2\/types\/post"}],"author":[{"embeddable":true,"href":"http:\/\/etchegoyen.cl\/casacentral\/wp-json\/wp\/v2\/users\/1"}],"replies":[{"embeddable":true,"href":"http:\/\/etchegoyen.cl\/casacentral\/wp-json\/wp\/v2\/comments?post=8713"}],"version-history":[{"count":3,"href":"http:\/\/etchegoyen.cl\/casacentral\/wp-json\/wp\/v2\/posts\/8713\/revisions"}],"predecessor-version":[{"id":8726,"href":"http:\/\/etchegoyen.cl\/casacentral\/wp-json\/wp\/v2\/posts\/8713\/revisions\/8726"}],"wp:featuredmedia":[{"embeddable":true,"href":"http:\/\/etchegoyen.cl\/casacentral\/wp-json\/wp\/v2\/media\/8725"}],"wp:attachment":[{"href":"http:\/\/etchegoyen.cl\/casacentral\/wp-json\/wp\/v2\/media?parent=8713"}],"wp:term":[{"taxonomy":"category","embeddable":true,"href":"http:\/\/etchegoyen.cl\/casacentral\/wp-json\/wp\/v2\/categories?post=8713"},{"taxonomy":"post_tag","embeddable":true,"href":"http:\/\/etchegoyen.cl\/casacentral\/wp-json\/wp\/v2\/tags?post=8713"}],"curies":[{"name":"wp","href":"https:\/\/api.w.org\/{rel}","templated":true}]}}