{"id":8729,"date":"2023-09-13T15:45:04","date_gmt":"2023-09-13T18:45:04","guid":{"rendered":"http:\/\/etchegoyen.cl\/casacentral\/?p=8729"},"modified":"2023-09-13T15:47:10","modified_gmt":"2023-09-13T18:47:10","slug":"inicio-de-fiestas-patrias-en-kinder-y-pre-kinder","status":"publish","type":"post","link":"http:\/\/etchegoyen.cl\/casacentral\/2023\/09\/13\/inicio-de-fiestas-patrias-en-kinder-y-pre-kinder\/","title":{"rendered":"INICIO DE FIESTAS PATRIAS EN K\u00cdNDER Y PRE K\u00cdNDER"},"content":{"rendered":"<p>[vc_row][vc_column][vc_column_text]<\/p>\n<div class=\"x11i5rnm xat24cr x1mh8g0r x1vvkbs xtlvy1s x126k92a\">\n<div dir=\"auto\" style=\"text-align: justify;\">Durante la ma\u00f1ana de hoy, la sede central del Colegio Etchegoyen, se llen\u00f3 de alegr\u00eda y tradici\u00f3n en la celebraci\u00f3n de las Fiestas Patrias. Los peque\u00f1os alumnos y alumnas de K\u00ednder y Pre Kinder participaron de esta festividad organizada por la instituci\u00f3n y los apoderados.<\/div>\n<div dir=\"auto\" style=\"text-align: justify;\"><\/div>\n<\/div>\n<div class=\"x11i5rnm xat24cr x1mh8g0r x1vvkbs xtlvy1s x126k92a\">\n<div dir=\"auto\" style=\"text-align: justify;\">El patio techado del colegio fue testigo de risas y juegos, donde los m\u00e1s peque\u00f1os disfrutaron de actividades t\u00edpicas chilenas como el entretenido juego de &#8220;tirar la cuerda&#8221; y las emocionantes carreras en sacos. Esta entretenida experiencia ayuda a fomentar el esp\u00edritu comunitario y el arraigo cultural de nuestros estudiantes desde temprana edad.<\/div>\n<\/div>\n<p>[\/vc_column_text][vc_gallery type=&#8221;image_grid&#8221; images=&#8221;8731,8732,8734,8735,8736,8737,8738,8739&#8243;][\/vc_column][\/vc_row]<\/p>\n","protected":false},"excerpt":{"rendered":"<p>[vc_row][vc_column][vc_column_text] Durante la ma\u00f1ana de hoy, la sede central del Colegio Etchegoyen, se llen\u00f3 de alegr\u00eda y tradici\u00f3n en la celebraci\u00f3n de las Fiestas Patrias. Los peque\u00f1os alumnos&#8230;<\/p>\n","protected":false},"author":1,"featured_media":8740,"comment_status":"closed","ping_status":"closed","sticky":false,"template":"","format":"standard","meta":{"footnotes":"","_links_to":"","_links_to_target":""},"categories":[55],"tags":[],"class_list":["post-8729","post","type-post","status-publish","format-standard","has-post-thumbnail","hentry","category-noticias"],"_links":{"self":[{"href":"http:\/\/etchegoyen.cl\/casacentral\/wp-json\/wp\/v2\/posts\/8729","targetHints":{"allow":["GET"]}}],"collection":[{"href":"http:\/\/etchegoyen.cl\/casacentral\/wp-json\/wp\/v2\/posts"}],"about":[{"href":"http:\/\/etchegoyen.cl\/casacentral\/wp-json\/wp\/v2\/types\/post"}],"author":[{"embeddable":true,"href":"http:\/\/etchegoyen.cl\/casacentral\/wp-json\/wp\/v2\/users\/1"}],"replies":[{"embeddable":true,"href":"http:\/\/etchegoyen.cl\/casacentral\/wp-json\/wp\/v2\/comments?post=8729"}],"version-history":[{"count":3,"href":"http:\/\/etchegoyen.cl\/casacentral\/wp-json\/wp\/v2\/posts\/8729\/revisions"}],"predecessor-version":[{"id":8741,"href":"http:\/\/etchegoyen.cl\/casacentral\/wp-json\/wp\/v2\/posts\/8729\/revisions\/8741"}],"wp:featuredmedia":[{"embeddable":true,"href":"http:\/\/etchegoyen.cl\/casacentral\/wp-json\/wp\/v2\/media\/8740"}],"wp:attachment":[{"href":"http:\/\/etchegoyen.cl\/casacentral\/wp-json\/wp\/v2\/media?parent=8729"}],"wp:term":[{"taxonomy":"category","embeddable":true,"href":"http:\/\/etchegoyen.cl\/casacentral\/wp-json\/wp\/v2\/categories?post=8729"},{"taxonomy":"post_tag","embeddable":true,"href":"http:\/\/etchegoyen.cl\/casacentral\/wp-json\/wp\/v2\/tags?post=8729"}],"curies":[{"name":"wp","href":"https:\/\/api.w.org\/{rel}","templated":true}]}}