{"id":8773,"date":"2023-09-15T09:01:26","date_gmt":"2023-09-15T12:01:26","guid":{"rendered":"http:\/\/etchegoyen.cl\/casacentral\/?p=8773"},"modified":"2023-09-15T09:06:26","modified_gmt":"2023-09-15T12:06:26","slug":"inicio-de-celebraciones-de-fiestas-patrias-2023-nivel-parvulario-y-primcer-ciclo","status":"publish","type":"post","link":"http:\/\/etchegoyen.cl\/casacentral\/2023\/09\/15\/inicio-de-celebraciones-de-fiestas-patrias-2023-nivel-parvulario-y-primcer-ciclo\/","title":{"rendered":"INICIO DE CELEBRACIONES DE FIESTAS PATRIAS 2023 NIVEL PARVULARIO Y PRIMER CICLO"},"content":{"rendered":"<p>[vc_row][vc_column][vc_column_text]<\/p>\n<p style=\"text-align: justify;\">Fiestas Patrias posiblemente sea la fiesta tradicional m\u00e1s importante de Chile, donde se celebra la Independencia Nacional el 18 de septiembre. Tambi\u00e9n se organizan fondas, ramadas y juegos chilenos con empanadas, vino tinto, anticuchos y bailes tradicionales.<\/p>\n<p style=\"text-align: justify;\">Es as\u00ed como en Etchegoyen Casa Central, el nivel parvulario y primer ciclo, contagiados con este esp\u00edritu de patriotismo e identidad, quisieron reflejarlo con hermosos bailes. La actividad se realiz\u00f3 en el gimnasio A del establecimiento, donde cada curso junto a sus profesores jefes y asistentes, prepararon distintos bailes t\u00edpicos con mucho amor para sus familias y compa\u00f1eros.<\/p>\n<p>[\/vc_column_text][vc_gallery type=&#8221;image_grid&#8221; images=&#8221;8777,8778,8779,8780,8781,8782,8783,8784&#8243;][\/vc_column][\/vc_row]<\/p>\n","protected":false},"excerpt":{"rendered":"<p>[vc_row][vc_column][vc_column_text] Fiestas Patrias posiblemente sea la fiesta tradicional m\u00e1s importante de Chile, donde se celebra la Independencia Nacional el 18 de septiembre. Tambi\u00e9n se organizan fondas, ramadas y&#8230;<\/p>\n","protected":false},"author":1,"featured_media":8785,"comment_status":"closed","ping_status":"closed","sticky":false,"template":"","format":"standard","meta":{"footnotes":"","_links_to":"","_links_to_target":""},"categories":[55],"tags":[],"class_list":["post-8773","post","type-post","status-publish","format-standard","has-post-thumbnail","hentry","category-noticias"],"_links":{"self":[{"href":"http:\/\/etchegoyen.cl\/casacentral\/wp-json\/wp\/v2\/posts\/8773","targetHints":{"allow":["GET"]}}],"collection":[{"href":"http:\/\/etchegoyen.cl\/casacentral\/wp-json\/wp\/v2\/posts"}],"about":[{"href":"http:\/\/etchegoyen.cl\/casacentral\/wp-json\/wp\/v2\/types\/post"}],"author":[{"embeddable":true,"href":"http:\/\/etchegoyen.cl\/casacentral\/wp-json\/wp\/v2\/users\/1"}],"replies":[{"embeddable":true,"href":"http:\/\/etchegoyen.cl\/casacentral\/wp-json\/wp\/v2\/comments?post=8773"}],"version-history":[{"count":4,"href":"http:\/\/etchegoyen.cl\/casacentral\/wp-json\/wp\/v2\/posts\/8773\/revisions"}],"predecessor-version":[{"id":8786,"href":"http:\/\/etchegoyen.cl\/casacentral\/wp-json\/wp\/v2\/posts\/8773\/revisions\/8786"}],"wp:featuredmedia":[{"embeddable":true,"href":"http:\/\/etchegoyen.cl\/casacentral\/wp-json\/wp\/v2\/media\/8785"}],"wp:attachment":[{"href":"http:\/\/etchegoyen.cl\/casacentral\/wp-json\/wp\/v2\/media?parent=8773"}],"wp:term":[{"taxonomy":"category","embeddable":true,"href":"http:\/\/etchegoyen.cl\/casacentral\/wp-json\/wp\/v2\/categories?post=8773"},{"taxonomy":"post_tag","embeddable":true,"href":"http:\/\/etchegoyen.cl\/casacentral\/wp-json\/wp\/v2\/tags?post=8773"}],"curies":[{"name":"wp","href":"https:\/\/api.w.org\/{rel}","templated":true}]}}