{"id":8788,"date":"2023-09-25T14:55:30","date_gmt":"2023-09-25T17:55:30","guid":{"rendered":"http:\/\/etchegoyen.cl\/casacentral\/?p=8788"},"modified":"2023-09-25T14:58:33","modified_gmt":"2023-09-25T17:58:33","slug":"acto-fiestas-patrias-2023-ensenanza-media","status":"publish","type":"post","link":"http:\/\/etchegoyen.cl\/casacentral\/2023\/09\/25\/acto-fiestas-patrias-2023-ensenanza-media\/","title":{"rendered":"ACTO FIESTAS PATRIAS 2023 ENSE\u00d1ANZA MEDIA"},"content":{"rendered":"<p>[vc_row][vc_column][vc_column_text]<\/p>\n<div class=\"x11i5rnm xat24cr x1mh8g0r x1vvkbs xtlvy1s x126k92a\">\n<div dir=\"auto\" style=\"text-align: justify;\">En Etchegoyen Casa Central, se celebraron las tan esperadas \u201cFiestas Patrias 2023\u201d, la fiesta m\u00e1s importante de Chile, ya que fue la Independencia Nacional el 18 de septiembre. Es as\u00ed como los estudiantes de ense\u00f1anza media, contagiados con el esp\u00edritu del patriotismo e identidad, quisieron sorprender a todos con hermosos bailes t\u00edpicos.<\/div>\n<div dir=\"auto\" style=\"text-align: justify;\"><\/div>\n<\/div>\n<div class=\"x11i5rnm xat24cr x1mh8g0r x1vvkbs xtlvy1s x126k92a\">\n<div dir=\"auto\" style=\"text-align: justify;\">La actividad se realiz\u00f3 en el gimnasio A del establecimiento, donde cada curso junto a sus profesores jefes y asistentes, prepararon un hermoso espect\u00e1culo con mucho amor para sus familias y compa\u00f1eros.<\/div>\n<\/div>\n<p>[\/vc_column_text][vc_gallery type=&#8221;image_grid&#8221; images=&#8221;8792,8793,8794,8795,8797,8798,8799,8800&#8243;][\/vc_column][\/vc_row]<\/p>\n","protected":false},"excerpt":{"rendered":"<p>[vc_row][vc_column][vc_column_text] En Etchegoyen Casa Central, se celebraron las tan esperadas \u201cFiestas Patrias 2023\u201d, la fiesta m\u00e1s importante de Chile, ya que fue la Independencia Nacional el 18 de&#8230;<\/p>\n","protected":false},"author":1,"featured_media":8790,"comment_status":"closed","ping_status":"closed","sticky":false,"template":"","format":"standard","meta":{"footnotes":"","_links_to":"","_links_to_target":""},"categories":[55],"tags":[],"class_list":["post-8788","post","type-post","status-publish","format-standard","has-post-thumbnail","hentry","category-noticias"],"_links":{"self":[{"href":"http:\/\/etchegoyen.cl\/casacentral\/wp-json\/wp\/v2\/posts\/8788","targetHints":{"allow":["GET"]}}],"collection":[{"href":"http:\/\/etchegoyen.cl\/casacentral\/wp-json\/wp\/v2\/posts"}],"about":[{"href":"http:\/\/etchegoyen.cl\/casacentral\/wp-json\/wp\/v2\/types\/post"}],"author":[{"embeddable":true,"href":"http:\/\/etchegoyen.cl\/casacentral\/wp-json\/wp\/v2\/users\/1"}],"replies":[{"embeddable":true,"href":"http:\/\/etchegoyen.cl\/casacentral\/wp-json\/wp\/v2\/comments?post=8788"}],"version-history":[{"count":4,"href":"http:\/\/etchegoyen.cl\/casacentral\/wp-json\/wp\/v2\/posts\/8788\/revisions"}],"predecessor-version":[{"id":8801,"href":"http:\/\/etchegoyen.cl\/casacentral\/wp-json\/wp\/v2\/posts\/8788\/revisions\/8801"}],"wp:featuredmedia":[{"embeddable":true,"href":"http:\/\/etchegoyen.cl\/casacentral\/wp-json\/wp\/v2\/media\/8790"}],"wp:attachment":[{"href":"http:\/\/etchegoyen.cl\/casacentral\/wp-json\/wp\/v2\/media?parent=8788"}],"wp:term":[{"taxonomy":"category","embeddable":true,"href":"http:\/\/etchegoyen.cl\/casacentral\/wp-json\/wp\/v2\/categories?post=8788"},{"taxonomy":"post_tag","embeddable":true,"href":"http:\/\/etchegoyen.cl\/casacentral\/wp-json\/wp\/v2\/tags?post=8788"}],"curies":[{"name":"wp","href":"https:\/\/api.w.org\/{rel}","templated":true}]}}