{"id":206,"date":"2022-11-09T18:40:36","date_gmt":"2022-11-09T18:40:36","guid":{"rendered":"http:\/\/etchegoyen.cl\/coemtal\/?p=206"},"modified":"2022-11-18T13:29:37","modified_gmt":"2022-11-18T13:29:37","slug":"revista-magna-legata","status":"publish","type":"post","link":"http:\/\/etchegoyen.cl\/coemtal\/2022\/11\/09\/revista-magna-legata\/","title":{"rendered":"Revista Magna Legata"},"content":{"rendered":"<p>[vc_row][vc_column][vc_column_text]<\/p>\n<p style=\"text-align: justify;\">Nuestros estudiantes de Etchegoyen Casa Central, del curso de Filosof\u00eda Pol\u00edtica, durante pandemia estuvieron 3 meses trabajando arduamente para lograr un proyecto anhelado por ellos y por su profesora a cargo Daniela Grandon, nos referimos a la primera revista escolar de Filosof\u00eda Pol\u00edtica, felicitamos a todos los que participaron en su creaci\u00f3n y damos \u00e1nimo a todos los que continuar\u00e1n con las siguientes ediciones.<\/p>\n<p>[\/vc_column_text][vc_gallery interval=&#8221;3&#8243; images=&#8221;207,208,209,210,211,212&#8243;][\/vc_column][\/vc_row]<\/p>\n","protected":false},"excerpt":{"rendered":"<p>[vc_row][vc_column][vc_column_text] Nuestros estudiantes de Etchegoyen Casa Central, del curso de Filosof\u00eda Pol\u00edtica, durante pandemia estuvieron 3 meses trabajando arduamente para lograr un proyecto anhelado por ellos y por&#8230;<\/p>\n","protected":false},"author":1,"featured_media":0,"comment_status":"open","ping_status":"open","sticky":false,"template":"","format":"standard","meta":{"footnotes":"","_links_to":"","_links_to_target":""},"categories":[5],"tags":[7,8],"class_list":["post-206","post","type-post","status-publish","format-standard","hentry","category-noticias","tag-coemtal","tag-noticias"],"_links":{"self":[{"href":"http:\/\/etchegoyen.cl\/coemtal\/wp-json\/wp\/v2\/posts\/206","targetHints":{"allow":["GET"]}}],"collection":[{"href":"http:\/\/etchegoyen.cl\/coemtal\/wp-json\/wp\/v2\/posts"}],"about":[{"href":"http:\/\/etchegoyen.cl\/coemtal\/wp-json\/wp\/v2\/types\/post"}],"author":[{"embeddable":true,"href":"http:\/\/etchegoyen.cl\/coemtal\/wp-json\/wp\/v2\/users\/1"}],"replies":[{"embeddable":true,"href":"http:\/\/etchegoyen.cl\/coemtal\/wp-json\/wp\/v2\/comments?post=206"}],"version-history":[{"count":1,"href":"http:\/\/etchegoyen.cl\/coemtal\/wp-json\/wp\/v2\/posts\/206\/revisions"}],"predecessor-version":[{"id":213,"href":"http:\/\/etchegoyen.cl\/coemtal\/wp-json\/wp\/v2\/posts\/206\/revisions\/213"}],"wp:attachment":[{"href":"http:\/\/etchegoyen.cl\/coemtal\/wp-json\/wp\/v2\/media?parent=206"}],"wp:term":[{"taxonomy":"category","embeddable":true,"href":"http:\/\/etchegoyen.cl\/coemtal\/wp-json\/wp\/v2\/categories?post=206"},{"taxonomy":"post_tag","embeddable":true,"href":"http:\/\/etchegoyen.cl\/coemtal\/wp-json\/wp\/v2\/tags?post=206"}],"curies":[{"name":"wp","href":"https:\/\/api.w.org\/{rel}","templated":true}]}}