{"id":378,"date":"2024-04-08T13:50:02","date_gmt":"2024-04-08T13:50:02","guid":{"rendered":"http:\/\/etchegoyen.cl\/coemtal\/?p=378"},"modified":"2024-04-08T13:52:34","modified_gmt":"2024-04-08T13:52:34","slug":"guitarras-de-aldo-bonta-y-q-h-roberto-hurtado-gira-conciertos-por-la-fraternidad","status":"publish","type":"post","link":"http:\/\/etchegoyen.cl\/coemtal\/2024\/04\/08\/guitarras-de-aldo-bonta-y-q-h-roberto-hurtado-gira-conciertos-por-la-fraternidad\/","title":{"rendered":"Guitarras De Aldo Bont\u00e1 Y Q:. H:. Roberto Hurtado:\u00a0Gira \u201cConciertos Por La Fraternidad\u201d\u00a0"},"content":{"rendered":"<p>[vc_row][vc_column][vc_column_text]Este martes, en los salones del Colegio Etchegoyen Brisa del Sol de Talcahuano se realiz\u00f3 el concierto en guitarra cl\u00e1sica de los Maestros Roberto Hurtado Guzm\u00e1n y Aldo Bont\u00e1 Pinuer, sobrino bisnieto del Querido Hermano Marco Bont\u00e1 Costa.<\/p>\n<p>El concierto fue patrocinado por la Corporaci\u00f3n Cultural Talcahuano N\u00ba 162, con el auspicio de la Corporaci\u00f3n Educacional Mas\u00f3nica de Talcahuano y cont\u00f3 con la asistencia de directivos, profesores, apoderados, estudiantes, administrativos y comunidad en general quienes disfrutaron de cautivantes momentos, durante la presentaci\u00f3n de ambos int\u00e9rpretes eximios m\u00fasicos de la m\u00fasica docta.<\/p>\n<p><i><u>Roberto Hurtado Guzm\u00e1n\u00a0<\/u><\/i><\/p>\n<p>Guitarrista autodidacta que posteriormente se perfecciona con un curso de extensi\u00f3n en la USACH, que le dio toda la base para llegar al mundo de la guitarra cl\u00e1sica. Durante los 80&#8217;s se desempe\u00f1\u00f3 profesionalmente como guitarrista de varios cantores populares como Nora Blanco, Alejandro Masmar, Rebeca Godoy, Genaro Prieto, Carmen Barros, Jorge Ya\u00f1ez y Luis Hern\u00e1n Oliveros, actual conductor del programa Chile R\u00ede y Canta, creado por Ren\u00e9 Largo Far\u00edas, present\u00e1ndose en las pe\u00f1as folcl\u00f3ricas m\u00e1s importantes de la \u00e9poca en Santiago y en m\u00faltiples escenarios art\u00edsticos del pa\u00eds.<\/p>\n<p>Actualmente es docente de la Escuela Abierta de Puerto Montt, en la c\u00e1tedra de guitarra cl\u00e1sica que funciona en la Escuela Cayene; adem\u00e1s es Monitor de la Fundaci\u00f3n V\u00edctor Jara y realiza actividades art\u00edsticas para difundir su vida y obra. Es, tambi\u00e9n, presidente de la Fundaci\u00f3n SURARTE que difunde las expresiones art\u00edsticas en zonas apartadas y en escuelas municipales y adem\u00e1s es alumno superior del maestro Aldo Bont\u00e1 del Conservatorio Mozarteum de Salzburgo en Austria.<\/p>\n<p><i><u>Aldo Bont\u00e1 Costa<\/u><\/i><\/p>\n<p>Uno de los guitarristas chilenos m\u00e1s exitosos de su generaci\u00f3n. Dio sus primeros pasos en la guitarra a los 10 a\u00f1os de edad en forma autodidacta. En el 2005 ingresa al conservatorio de m\u00fasica de la Universidad Austral de chile en Valdivia, donde realizo\u0301 sus estudios de Licenciatura en interpretaci\u00f3n musical finalizando en el 2014 con los m\u00e1s altos honores. Durante sus an\u0303os de estudios particip\u00f3 en cert\u00e1menes nacionales e internacionales de guitarra entre los que destacan: 1\u00b0 premio en el Concurso nacional de guitarra Liliana P\u00e9rez Corey 2010, 2\u00b0 premio en el Concurso internacional Vital Medeiros Sao Paolo, Brasil, 3\u00b0 Premio \u201cLions Club Internacional Youth competition, Seattle, USA, entre otros<\/p>\n<p>Ha sido invitado a realizar grabaciones para la televisio\u0301n Austriaca en diferentes ocasiones y se presenta continuamente en Salzkammergut, capital cultural de Austria, participacio\u0301n en festivales como Herbst Musicaux Festival Verona, Italia, C\u2019est Pas Classique Nice, Francia donde interpret\u00f3\u0301 el concierto de Aranjuez junto a la Orquesta de c\u00e1mara de Nice, Abend Koncerte. Ciclo de conciertos realizados en Basel, Suiza.<\/p>\n<p>Finalizo\u0301 su ciclo educativo en 2023 despu\u00e9s de realizar sus estudios de Postgraduate en la misma Universidad junto a Mar\u00eda Isabel Siewers una de las pocas estudiantes del gran maestro Andre\u0301s Segovia. Participo\u0301 en infinidad de festivales y seminarios, donde tuvo la oportunidad de perfeccionarse con diferentes personalidades de la guitarra cla\u0301sica internacional, entre los que destacan Ricardo Gallen (Espan\u0303a), Joaquin Clerck (Cuba), Fabio Zanon (Brasil), Thomas Mu\u0308ller (Alemania), Anielo Desiderio (Italia), John Griffits (Australia) entre otros.<\/p>\n<p>Actualmente complementa su vida arti\u0301stica con la ensen\u0303anza, imparte clases en Austria y tiene bajo su tutela a ma\u0301s de 40 estudiantes, labor que realiza desde el 2018.[\/vc_column_text][vc_column_text]NOTICIA RECOPILADA DESDE: https:\/\/new.granlogia.cl\/detalle\/noticia\/masoneriaaldia-1\/6118[\/vc_column_text][vc_gallery type=&#8221;image_grid&#8221; images=&#8221;383,384&#8243;][\/vc_column][\/vc_row]<\/p>\n","protected":false},"excerpt":{"rendered":"<p>[vc_row][vc_column][vc_column_text]Este martes, en los salones del Colegio Etchegoyen Brisa del Sol de Talcahuano se realiz\u00f3 el concierto en guitarra cl\u00e1sica de los Maestros Roberto Hurtado Guzm\u00e1n y Aldo&#8230;<\/p>\n","protected":false},"author":1,"featured_media":0,"comment_status":"closed","ping_status":"closed","sticky":false,"template":"","format":"standard","meta":{"footnotes":"","_links_to":"","_links_to_target":""},"categories":[5],"tags":[],"class_list":["post-378","post","type-post","status-publish","format-standard","hentry","category-noticias"],"_links":{"self":[{"href":"http:\/\/etchegoyen.cl\/coemtal\/wp-json\/wp\/v2\/posts\/378","targetHints":{"allow":["GET"]}}],"collection":[{"href":"http:\/\/etchegoyen.cl\/coemtal\/wp-json\/wp\/v2\/posts"}],"about":[{"href":"http:\/\/etchegoyen.cl\/coemtal\/wp-json\/wp\/v2\/types\/post"}],"author":[{"embeddable":true,"href":"http:\/\/etchegoyen.cl\/coemtal\/wp-json\/wp\/v2\/users\/1"}],"replies":[{"embeddable":true,"href":"http:\/\/etchegoyen.cl\/coemtal\/wp-json\/wp\/v2\/comments?post=378"}],"version-history":[{"count":4,"href":"http:\/\/etchegoyen.cl\/coemtal\/wp-json\/wp\/v2\/posts\/378\/revisions"}],"predecessor-version":[{"id":385,"href":"http:\/\/etchegoyen.cl\/coemtal\/wp-json\/wp\/v2\/posts\/378\/revisions\/385"}],"wp:attachment":[{"href":"http:\/\/etchegoyen.cl\/coemtal\/wp-json\/wp\/v2\/media?parent=378"}],"wp:term":[{"taxonomy":"category","embeddable":true,"href":"http:\/\/etchegoyen.cl\/coemtal\/wp-json\/wp\/v2\/categories?post=378"},{"taxonomy":"post_tag","embeddable":true,"href":"http:\/\/etchegoyen.cl\/coemtal\/wp-json\/wp\/v2\/tags?post=378"}],"curies":[{"name":"wp","href":"https:\/\/api.w.org\/{rel}","templated":true}]}}