{"id":6640,"date":"2022-12-18T23:39:31","date_gmt":"2022-12-18T23:39:31","guid":{"rendered":"http:\/\/etchegoyen.cl\/jardinbrisadelsol\/?p=6640"},"modified":"2022-12-18T23:45:15","modified_gmt":"2022-12-18T23:45:15","slug":"semana-de-la-educacion-parvularia-en-sala-cuna-y-jardin-infantil-brisa-del-sol","status":"publish","type":"post","link":"http:\/\/etchegoyen.cl\/jardinbrisadelsol\/2022\/12\/18\/semana-de-la-educacion-parvularia-en-sala-cuna-y-jardin-infantil-brisa-del-sol\/","title":{"rendered":"SEMANA DE LA EDUCACI\u00d3N PARVULARIA"},"content":{"rendered":"<section class=\"wpb-content-wrapper\"><p>[vc_row][vc_column][vc_column_text]<\/p>\n<p style=\"text-align: justify;\">La primera infancia es la etapa de la vida que va desde el nacimiento a los 6 a\u00f1os. Las experiencias vividas por los ni\u00f1os y ni\u00f1as durante estos a\u00f1os influyen significativamente en sus posibilidades futuras.<\/p>\n<p style=\"text-align: justify;\">Desde 1991, cada 22 de noviembre se conmemora en el pa\u00eds el d\u00eda de la Educaci\u00f3n Parvularia y al educador\/a de p\u00e1rvulos, para enfatizar la relevancia del primer nivel educativo (ley 20.370 art.28) la fecha recuerda la creaci\u00f3n de la primera escuela, en la Universidad de Chile, el a\u00f1o 1944.<\/p>\n<p style=\"text-align: justify;\">Algunas de las actividades que se han realizado a la fecha son:<\/p>\n<p style=\"text-align: justify;\">Visita del educador de p\u00e1rvulos Don Ricardo Gonz\u00e1lez Araneda. coordinador regional de educaci\u00f3n parvularia.<\/p>\n<p style=\"text-align: justify;\">Inici\u00f3 el proyecto Mi Huerto, con la colaboraci\u00f3n de las familias en la construcci\u00f3n de un invernadero.<\/p>\n<p style=\"text-align: justify;\">Presentaci\u00f3n de grito y mascota de cada alianza.<\/p>\n<p style=\"text-align: justify;\">Presentaci\u00f3n obra de t\u00edteres El zorzal y la lombriz.<\/p>\n<ul class=\"wp-block-gallery columns-1 is-cropped\">\n<li class=\"blocks-gallery-item\"><\/li>\n<\/ul>\n<p>[\/vc_column_text][vc_gallery type=&#8221;image_grid&#8221; images=&#8221;6644,6645,6646,6647,6648,6649,6650,6651,6652,6653&#8243;][\/vc_column][\/vc_row]<\/p>\n<\/section>","protected":false},"excerpt":{"rendered":"<p>[vc_row][vc_column][vc_column_text] La primera infancia es la etapa de la vida que va desde el nacimiento a los 6 a\u00f1os. Las experiencias vividas por los ni\u00f1os y ni\u00f1as durante&#8230;<\/p>\n","protected":false},"author":1,"featured_media":0,"comment_status":"open","ping_status":"open","sticky":false,"template":"","format":"standard","meta":{"footnotes":"","_links_to":"","_links_to_target":""},"categories":[54],"tags":[],"class_list":["post-6640","post","type-post","status-publish","format-standard","hentry","category-noticias"],"_links":{"self":[{"href":"http:\/\/etchegoyen.cl\/jardinbrisadelsol\/wp-json\/wp\/v2\/posts\/6640","targetHints":{"allow":["GET"]}}],"collection":[{"href":"http:\/\/etchegoyen.cl\/jardinbrisadelsol\/wp-json\/wp\/v2\/posts"}],"about":[{"href":"http:\/\/etchegoyen.cl\/jardinbrisadelsol\/wp-json\/wp\/v2\/types\/post"}],"author":[{"embeddable":true,"href":"http:\/\/etchegoyen.cl\/jardinbrisadelsol\/wp-json\/wp\/v2\/users\/1"}],"replies":[{"embeddable":true,"href":"http:\/\/etchegoyen.cl\/jardinbrisadelsol\/wp-json\/wp\/v2\/comments?post=6640"}],"version-history":[{"count":4,"href":"http:\/\/etchegoyen.cl\/jardinbrisadelsol\/wp-json\/wp\/v2\/posts\/6640\/revisions"}],"predecessor-version":[{"id":6654,"href":"http:\/\/etchegoyen.cl\/jardinbrisadelsol\/wp-json\/wp\/v2\/posts\/6640\/revisions\/6654"}],"wp:attachment":[{"href":"http:\/\/etchegoyen.cl\/jardinbrisadelsol\/wp-json\/wp\/v2\/media?parent=6640"}],"wp:term":[{"taxonomy":"category","embeddable":true,"href":"http:\/\/etchegoyen.cl\/jardinbrisadelsol\/wp-json\/wp\/v2\/categories?post=6640"},{"taxonomy":"post_tag","embeddable":true,"href":"http:\/\/etchegoyen.cl\/jardinbrisadelsol\/wp-json\/wp\/v2\/tags?post=6640"}],"curies":[{"name":"wp","href":"https:\/\/api.w.org\/{rel}","templated":true}]}}