{"id":6810,"date":"2023-03-08T19:37:12","date_gmt":"2023-03-08T19:37:12","guid":{"rendered":"http:\/\/etchegoyen.cl\/jardinbrisadelsol\/?p=6810"},"modified":"2023-03-08T19:45:37","modified_gmt":"2023-03-08T19:45:37","slug":"bienvenida-a-las-nuevas-familias","status":"publish","type":"post","link":"http:\/\/etchegoyen.cl\/jardinbrisadelsol\/2023\/03\/08\/bienvenida-a-las-nuevas-familias\/","title":{"rendered":"BIENVENIDA A LAS NUEVAS FAMILIAS"},"content":{"rendered":"<section class=\"wpb-content-wrapper\"><p>[vc_row][vc_column][vc_column_text]<\/p>\n<div class=\"x11i5rnm xat24cr x1mh8g0r x1vvkbs xdj266r x126k92a\">\n<div dir=\"auto\" style=\"text-align: justify;\">Este lunes 6 de marzo dimos la bienvenida a las 29 familias que nos eligieron como entidad educativa para educar colaborativamente a sus hijos e hijas.<\/div>\n<div dir=\"auto\"><\/div>\n<\/div>\n<div class=\"x11i5rnm xat24cr x1mh8g0r x1vvkbs xtlvy1s x126k92a\" style=\"text-align: justify;\">\n<div dir=\"auto\">Como Sala Cuna y Jard\u00edn Infantil Etchegoyen Brisa del Sol damos oportunidad a las familias para que sus hijos e hijas crezcan emocional, f\u00edsica y mentalmente, de una manera adecuada para su edad; ofreci\u00e9ndoles espacios y ambientes que les permiten adquirir herramientas de comunicaci\u00f3n e interacci\u00f3n propias de la primera infancia; esto con el fin de lograr desarrollos oportunos y de calidad.<\/div>\n<div dir=\"auto\"><\/div>\n<\/div>\n<div class=\"x11i5rnm xat24cr x1mh8g0r x1vvkbs xtlvy1s x126k92a\" style=\"text-align: justify;\">\n<div dir=\"auto\">Las familias han podido compartir con su hijo\/a durante la jornada en actividades sensoriales, obra de t\u00edteres como en periodo de alimentaci\u00f3n. Tambi\u00e9n han tenido la posibilidad de conocer al equipo pedag\u00f3gico e interactuar con las otras familias. Los lactantes y p\u00e1rvulos felices de jugar con los materiales dispuestos para ello.<\/div>\n<div dir=\"auto\"><\/div>\n<\/div>\n<div class=\"x11i5rnm xat24cr x1mh8g0r x1vvkbs xtlvy1s x126k92a\">\n<div dir=\"auto\" style=\"text-align: justify;\">Esperamos generar un v\u00ednculo muy pronto con ellos y as\u00ed las familias tengan la tranquilidad que sus hijos\/as comparten la jornada con profesionales de la educaci\u00f3n con vasta experiencia en primera infancia y que resguardan el bienestar de ellos y ellas.<\/div>\n<\/div>\n<p>[\/vc_column_text][vc_gallery type=&#8221;image_grid&#8221; images=&#8221;6813,6814,6815,6816,6817,6818,6819,6820&#8243;][vc_column_text]<a href=\"https:\/\/www.facebook.com\/photo\/?fbid=1655196548242675&amp;set=pcb.1655197478242582\">PARA VER LA GALER\u00cdA COMPLETA PINCHE AQU\u00cd<\/a>[\/vc_column_text][\/vc_column][\/vc_row]<\/p>\n<\/section>","protected":false},"excerpt":{"rendered":"<p>[vc_row][vc_column][vc_column_text] Este lunes 6 de marzo dimos la bienvenida a las 29 familias que nos eligieron como entidad educativa para educar colaborativamente a sus hijos e hijas. Como&#8230;<\/p>\n","protected":false},"author":1,"featured_media":0,"comment_status":"closed","ping_status":"closed","sticky":false,"template":"","format":"standard","meta":{"footnotes":"","_links_to":"","_links_to_target":""},"categories":[54],"tags":[],"class_list":["post-6810","post","type-post","status-publish","format-standard","hentry","category-noticias"],"_links":{"self":[{"href":"http:\/\/etchegoyen.cl\/jardinbrisadelsol\/wp-json\/wp\/v2\/posts\/6810","targetHints":{"allow":["GET"]}}],"collection":[{"href":"http:\/\/etchegoyen.cl\/jardinbrisadelsol\/wp-json\/wp\/v2\/posts"}],"about":[{"href":"http:\/\/etchegoyen.cl\/jardinbrisadelsol\/wp-json\/wp\/v2\/types\/post"}],"author":[{"embeddable":true,"href":"http:\/\/etchegoyen.cl\/jardinbrisadelsol\/wp-json\/wp\/v2\/users\/1"}],"replies":[{"embeddable":true,"href":"http:\/\/etchegoyen.cl\/jardinbrisadelsol\/wp-json\/wp\/v2\/comments?post=6810"}],"version-history":[{"count":4,"href":"http:\/\/etchegoyen.cl\/jardinbrisadelsol\/wp-json\/wp\/v2\/posts\/6810\/revisions"}],"predecessor-version":[{"id":6823,"href":"http:\/\/etchegoyen.cl\/jardinbrisadelsol\/wp-json\/wp\/v2\/posts\/6810\/revisions\/6823"}],"wp:attachment":[{"href":"http:\/\/etchegoyen.cl\/jardinbrisadelsol\/wp-json\/wp\/v2\/media?parent=6810"}],"wp:term":[{"taxonomy":"category","embeddable":true,"href":"http:\/\/etchegoyen.cl\/jardinbrisadelsol\/wp-json\/wp\/v2\/categories?post=6810"},{"taxonomy":"post_tag","embeddable":true,"href":"http:\/\/etchegoyen.cl\/jardinbrisadelsol\/wp-json\/wp\/v2\/tags?post=6810"}],"curies":[{"name":"wp","href":"https:\/\/api.w.org\/{rel}","templated":true}]}}