{"id":6824,"date":"2023-03-09T18:28:31","date_gmt":"2023-03-09T18:28:31","guid":{"rendered":"http:\/\/etchegoyen.cl\/jardinbrisadelsol\/?p=6824"},"modified":"2023-03-09T18:34:11","modified_gmt":"2023-03-09T18:34:11","slug":"inicio-de-ano-2023","status":"publish","type":"post","link":"http:\/\/etchegoyen.cl\/jardinbrisadelsol\/2023\/03\/09\/inicio-de-ano-2023\/","title":{"rendered":"INICIO DE A\u00d1O 2023"},"content":{"rendered":"<section class=\"wpb-content-wrapper\"><p>[vc_row][vc_column][vc_column_text]<\/p>\n<p style=\"text-align: justify;\">Con un exitoso reingreso nuestros ni\u00f1os de la Sala Cuna y Jard\u00edn Infantil Brisa del Sol, dan la bienvenida al a\u00f1o 2023,\u00a0 esperamos aprendan mucho junto a nuestras profesionales y logren armar muchos lazos entre ellos, ya que son los cimientos de la construcci\u00f3n de una educaci\u00f3n maravillosa que esta por delante, felicidades a todos y a cumplir sus sue\u00f1os.<\/p>\n<p>[\/vc_column_text][vc_gallery type=&#8221;image_grid&#8221; images=&#8221;6826,6827,6828,6829,6830,6831,6832,6833&#8243;][vc_column_text]<a href=\"https:\/\/www.facebook.com\/photo\/?fbid=1655830848179245&amp;set=pcb.1655831398179190\"><strong>PARA VER LA GALER\u00cdA COMPLETA PINCHE AQU\u00cd<\/strong><\/a>[\/vc_column_text][\/vc_column][\/vc_row]<\/p>\n<\/section>","protected":false},"excerpt":{"rendered":"<p>[vc_row][vc_column][vc_column_text] Con un exitoso reingreso nuestros ni\u00f1os de la Sala Cuna y Jard\u00edn Infantil Brisa del Sol, dan la bienvenida al a\u00f1o 2023,\u00a0 esperamos aprendan mucho junto a&#8230;<\/p>\n","protected":false},"author":1,"featured_media":0,"comment_status":"closed","ping_status":"closed","sticky":false,"template":"","format":"standard","meta":{"footnotes":"","_links_to":"","_links_to_target":""},"categories":[54],"tags":[],"class_list":["post-6824","post","type-post","status-publish","format-standard","hentry","category-noticias"],"_links":{"self":[{"href":"http:\/\/etchegoyen.cl\/jardinbrisadelsol\/wp-json\/wp\/v2\/posts\/6824","targetHints":{"allow":["GET"]}}],"collection":[{"href":"http:\/\/etchegoyen.cl\/jardinbrisadelsol\/wp-json\/wp\/v2\/posts"}],"about":[{"href":"http:\/\/etchegoyen.cl\/jardinbrisadelsol\/wp-json\/wp\/v2\/types\/post"}],"author":[{"embeddable":true,"href":"http:\/\/etchegoyen.cl\/jardinbrisadelsol\/wp-json\/wp\/v2\/users\/1"}],"replies":[{"embeddable":true,"href":"http:\/\/etchegoyen.cl\/jardinbrisadelsol\/wp-json\/wp\/v2\/comments?post=6824"}],"version-history":[{"count":3,"href":"http:\/\/etchegoyen.cl\/jardinbrisadelsol\/wp-json\/wp\/v2\/posts\/6824\/revisions"}],"predecessor-version":[{"id":6836,"href":"http:\/\/etchegoyen.cl\/jardinbrisadelsol\/wp-json\/wp\/v2\/posts\/6824\/revisions\/6836"}],"wp:attachment":[{"href":"http:\/\/etchegoyen.cl\/jardinbrisadelsol\/wp-json\/wp\/v2\/media?parent=6824"}],"wp:term":[{"taxonomy":"category","embeddable":true,"href":"http:\/\/etchegoyen.cl\/jardinbrisadelsol\/wp-json\/wp\/v2\/categories?post=6824"},{"taxonomy":"post_tag","embeddable":true,"href":"http:\/\/etchegoyen.cl\/jardinbrisadelsol\/wp-json\/wp\/v2\/tags?post=6824"}],"curies":[{"name":"wp","href":"https:\/\/api.w.org\/{rel}","templated":true}]}}