{"id":6883,"date":"2023-04-11T17:45:52","date_gmt":"2023-04-11T17:45:52","guid":{"rendered":"http:\/\/etchegoyen.cl\/jardinbrisadelsol\/?p=6883"},"modified":"2023-04-11T19:10:38","modified_gmt":"2023-04-11T19:10:38","slug":"proceso-de-vacuancion-influenza-2023","status":"publish","type":"post","link":"http:\/\/etchegoyen.cl\/jardinbrisadelsol\/2023\/04\/11\/proceso-de-vacuancion-influenza-2023\/","title":{"rendered":"PROCESO DE VACUNACI\u00d3N INFLUENZA 2023"},"content":{"rendered":"<section class=\"wpb-content-wrapper\"><p>[vc_row][vc_column][vc_column_text]<\/p>\r\n<p>\r\n\r\n[\/vc_column_text][vc_column_text]<\/p>\r\n<p style=\"text-align: justify;\">En Sala Cuna y Jard\u00edn Infantil Etchegoyen Brisa del Sol se dio inicio a la campa\u00f1a de vacunaci\u00f3n en contra de la Influenza 2023, siendo la primera actividad del ministerio de salud en el contexto \u201cCampa\u00f1a de Invierno\u201d, en dicha oportunidad los lactantes y p\u00e1rvulos a partir de los 6 meses recibieron la dosis correspondiente, por otro lado, las funcionarias tambi\u00e9n contaron con una dosis como medida preventiva ante la circulaci\u00f3n del virus.<\/p>\r\n<p>[\/vc_column_text][vc_gallery type=&#8221;image_grid&#8221; images=&#8221;6958,6959,6960,6961,6962,6964,6967,6968&#8243;][vc_column_text]<\/p>\r\n<p>PARA VER LA GALER\u00cdA COMPLETA PINCHE AQU\u00cd: <a href=\"https:\/\/www.facebook.com\/photo\/?fbid=1674209113008085&amp;set=pcb.1674215629674100\">https:\/\/www.facebook.com\/photo\/?fbid=1674209113008085&amp;set=pcb.1674215629674100<\/a><\/p>\r\n<p>[\/vc_column_text][\/vc_column][\/vc_row]<\/p><\/section>","protected":false},"excerpt":{"rendered":"<p>[vc_row][vc_column][vc_column_text] [\/vc_column_text][vc_column_text] En Sala Cuna y Jard\u00edn Infantil Etchegoyen Brisa del Sol se dio inicio a la campa\u00f1a de vacunaci\u00f3n en contra de la Influenza 2023, siendo la&#8230;<\/p>\n","protected":false},"author":1,"featured_media":0,"comment_status":"closed","ping_status":"closed","sticky":false,"template":"","format":"standard","meta":{"footnotes":"","_links_to":"","_links_to_target":""},"categories":[54],"tags":[],"class_list":["post-6883","post","type-post","status-publish","format-standard","hentry","category-noticias"],"_links":{"self":[{"href":"http:\/\/etchegoyen.cl\/jardinbrisadelsol\/wp-json\/wp\/v2\/posts\/6883","targetHints":{"allow":["GET"]}}],"collection":[{"href":"http:\/\/etchegoyen.cl\/jardinbrisadelsol\/wp-json\/wp\/v2\/posts"}],"about":[{"href":"http:\/\/etchegoyen.cl\/jardinbrisadelsol\/wp-json\/wp\/v2\/types\/post"}],"author":[{"embeddable":true,"href":"http:\/\/etchegoyen.cl\/jardinbrisadelsol\/wp-json\/wp\/v2\/users\/1"}],"replies":[{"embeddable":true,"href":"http:\/\/etchegoyen.cl\/jardinbrisadelsol\/wp-json\/wp\/v2\/comments?post=6883"}],"version-history":[{"count":7,"href":"http:\/\/etchegoyen.cl\/jardinbrisadelsol\/wp-json\/wp\/v2\/posts\/6883\/revisions"}],"predecessor-version":[{"id":6970,"href":"http:\/\/etchegoyen.cl\/jardinbrisadelsol\/wp-json\/wp\/v2\/posts\/6883\/revisions\/6970"}],"wp:attachment":[{"href":"http:\/\/etchegoyen.cl\/jardinbrisadelsol\/wp-json\/wp\/v2\/media?parent=6883"}],"wp:term":[{"taxonomy":"category","embeddable":true,"href":"http:\/\/etchegoyen.cl\/jardinbrisadelsol\/wp-json\/wp\/v2\/categories?post=6883"},{"taxonomy":"post_tag","embeddable":true,"href":"http:\/\/etchegoyen.cl\/jardinbrisadelsol\/wp-json\/wp\/v2\/tags?post=6883"}],"curies":[{"name":"wp","href":"https:\/\/api.w.org\/{rel}","templated":true}]}}