{"id":6984,"date":"2023-04-18T13:41:15","date_gmt":"2023-04-18T13:41:15","guid":{"rendered":"http:\/\/etchegoyen.cl\/jardinbrisadelsol\/?p=6984"},"modified":"2023-04-19T19:32:33","modified_gmt":"2023-04-19T19:32:33","slug":"semana-de-la-familia","status":"publish","type":"post","link":"http:\/\/etchegoyen.cl\/jardinbrisadelsol\/2023\/04\/18\/semana-de-la-familia\/","title":{"rendered":"SEMANA DE LA FAMILIA 2023"},"content":{"rendered":"<section class=\"wpb-content-wrapper\"><p>[vc_row][vc_column][vc_column_text]<\/p>\n<p style=\"text-align: justify;\">Nuestra Sala Cuna y Jard\u00edn Infantil Etchegoyen Brisa del Sol dio inicio a la celebraci\u00f3n a la Semana de la Familia, donde familias relataron cuentos y bailaron con todos nuestros lactantes, p\u00e1rvulos y equipo educativo.<\/p>\n<p style=\"text-align: justify;\">\u201cLa familia, considerada en su diversidad, constituye el n\u00facleo central b\u00e1sico en el cual la ni\u00f1a y el ni\u00f1o encuentran sus significados m\u00e1s personales, debiendo el sistema educacional apoyar la labor formativa insustituible que \u00e9sta realiza. Los equipos pedag\u00f3gicos deben generar condiciones para producir puentes de acercamiento, confianza y la seguridad necesaria, para que las familias se sientan parte activa del proceso\u201d. (BCEP,2018)<\/p>\n<p style=\"text-align: justify;\">Invitamos a toda la comunidad educativa a participar de las actividades junto al equipo educativo, ni\u00f1os y ni\u00f1as para celebrar este n\u00facleo tan importante que es la familia.<\/p>\n<p>[\/vc_column_text][vc_gallery type=&#8221;image_grid&#8221; images=&#8221;6981,6988,6989,6990,6991,6992,6993,6994,6996&#8243; img_size=&#8221;full&#8221;][\/vc_column][\/vc_row]<\/p>\n<\/section>","protected":false},"excerpt":{"rendered":"<p>[vc_row][vc_column][vc_column_text] Nuestra Sala Cuna y Jard\u00edn Infantil Etchegoyen Brisa del Sol dio inicio a la celebraci\u00f3n a la Semana de la Familia, donde familias relataron cuentos y bailaron&#8230;<\/p>\n","protected":false},"author":1,"featured_media":0,"comment_status":"closed","ping_status":"closed","sticky":false,"template":"","format":"standard","meta":{"footnotes":"","_links_to":"","_links_to_target":""},"categories":[54],"tags":[],"class_list":["post-6984","post","type-post","status-publish","format-standard","hentry","category-noticias"],"_links":{"self":[{"href":"http:\/\/etchegoyen.cl\/jardinbrisadelsol\/wp-json\/wp\/v2\/posts\/6984","targetHints":{"allow":["GET"]}}],"collection":[{"href":"http:\/\/etchegoyen.cl\/jardinbrisadelsol\/wp-json\/wp\/v2\/posts"}],"about":[{"href":"http:\/\/etchegoyen.cl\/jardinbrisadelsol\/wp-json\/wp\/v2\/types\/post"}],"author":[{"embeddable":true,"href":"http:\/\/etchegoyen.cl\/jardinbrisadelsol\/wp-json\/wp\/v2\/users\/1"}],"replies":[{"embeddable":true,"href":"http:\/\/etchegoyen.cl\/jardinbrisadelsol\/wp-json\/wp\/v2\/comments?post=6984"}],"version-history":[{"count":5,"href":"http:\/\/etchegoyen.cl\/jardinbrisadelsol\/wp-json\/wp\/v2\/posts\/6984\/revisions"}],"predecessor-version":[{"id":6999,"href":"http:\/\/etchegoyen.cl\/jardinbrisadelsol\/wp-json\/wp\/v2\/posts\/6984\/revisions\/6999"}],"wp:attachment":[{"href":"http:\/\/etchegoyen.cl\/jardinbrisadelsol\/wp-json\/wp\/v2\/media?parent=6984"}],"wp:term":[{"taxonomy":"category","embeddable":true,"href":"http:\/\/etchegoyen.cl\/jardinbrisadelsol\/wp-json\/wp\/v2\/categories?post=6984"},{"taxonomy":"post_tag","embeddable":true,"href":"http:\/\/etchegoyen.cl\/jardinbrisadelsol\/wp-json\/wp\/v2\/tags?post=6984"}],"curies":[{"name":"wp","href":"https:\/\/api.w.org\/{rel}","templated":true}]}}