{"id":7013,"date":"2023-04-24T18:35:23","date_gmt":"2023-04-24T18:35:23","guid":{"rendered":"http:\/\/etchegoyen.cl\/jardinbrisadelsol\/?p=7013"},"modified":"2023-04-24T18:37:25","modified_gmt":"2023-04-24T18:37:25","slug":"picnic-en-familia","status":"publish","type":"post","link":"http:\/\/etchegoyen.cl\/jardinbrisadelsol\/2023\/04\/24\/picnic-en-familia\/","title":{"rendered":"PICNIC EN FAMILIA"},"content":{"rendered":"<section class=\"wpb-content-wrapper\"><p>[vc_row][vc_column][vc_column_text]<\/p>\n<div class=\"x11i5rnm xat24cr x1mh8g0r x1vvkbs xtlvy1s x126k92a\">\n<div dir=\"auto\" style=\"text-align: justify;\">Nuestra Sala Cuna y Jard\u00edn Infantil Etchegoyen Brisa del Sol, junto a las familias disfrutaron de un picnic, inicialmente estaba planificado para realizarlo en un espacio natural cercano al establecimiento, el pron\u00f3stico del tiempo no lo permiti\u00f3. Sin embargo, la actividad se desarroll\u00f3 en el patio interior. Nuestros lactantes y p\u00e1rvulos disfrutaron de saludables y ricas colaciones junto a sus familias.<\/div>\n<div dir=\"auto\" style=\"text-align: justify;\"><\/div>\n<\/div>\n<div class=\"x11i5rnm xat24cr x1mh8g0r x1vvkbs xtlvy1s x126k92a\">\n<div dir=\"auto\" style=\"text-align: justify;\">&#8220;Los equipos educativos junto a la comunidad educativa en general deben estar preparados para flexibilizar e innovar ante estos cambios de manera \u00e1gil, no s\u00f3lo adapt\u00e1ndose sino tambi\u00e9n creando y buscando nuevas formas con los recursos que existen, y de esta manera se pueda garantizar la continuidad del servicio educacional durante el a\u00f1o parvulario, como as\u00ed lo establece la Ley General de Educaci\u00f3n&#8221; (subsecretar\u00eda de educaci\u00f3n parvularia, 2021).<\/div>\n<\/div>\n<p>[\/vc_column_text][vc_gallery type=&#8221;image_grid&#8221; images=&#8221;7016,7017,7018,7019,7020,7021,7022,7023&#8243;][\/vc_column][\/vc_row]<\/p>\n<\/section>","protected":false},"excerpt":{"rendered":"<p>[vc_row][vc_column][vc_column_text] Nuestra Sala Cuna y Jard\u00edn Infantil Etchegoyen Brisa del Sol, junto a las familias disfrutaron de un picnic, inicialmente estaba planificado para realizarlo en un espacio natural&#8230;<\/p>\n","protected":false},"author":1,"featured_media":0,"comment_status":"closed","ping_status":"closed","sticky":false,"template":"","format":"standard","meta":{"footnotes":"","_links_to":"","_links_to_target":""},"categories":[54],"tags":[],"class_list":["post-7013","post","type-post","status-publish","format-standard","hentry","category-noticias"],"_links":{"self":[{"href":"http:\/\/etchegoyen.cl\/jardinbrisadelsol\/wp-json\/wp\/v2\/posts\/7013","targetHints":{"allow":["GET"]}}],"collection":[{"href":"http:\/\/etchegoyen.cl\/jardinbrisadelsol\/wp-json\/wp\/v2\/posts"}],"about":[{"href":"http:\/\/etchegoyen.cl\/jardinbrisadelsol\/wp-json\/wp\/v2\/types\/post"}],"author":[{"embeddable":true,"href":"http:\/\/etchegoyen.cl\/jardinbrisadelsol\/wp-json\/wp\/v2\/users\/1"}],"replies":[{"embeddable":true,"href":"http:\/\/etchegoyen.cl\/jardinbrisadelsol\/wp-json\/wp\/v2\/comments?post=7013"}],"version-history":[{"count":3,"href":"http:\/\/etchegoyen.cl\/jardinbrisadelsol\/wp-json\/wp\/v2\/posts\/7013\/revisions"}],"predecessor-version":[{"id":7025,"href":"http:\/\/etchegoyen.cl\/jardinbrisadelsol\/wp-json\/wp\/v2\/posts\/7013\/revisions\/7025"}],"wp:attachment":[{"href":"http:\/\/etchegoyen.cl\/jardinbrisadelsol\/wp-json\/wp\/v2\/media?parent=7013"}],"wp:term":[{"taxonomy":"category","embeddable":true,"href":"http:\/\/etchegoyen.cl\/jardinbrisadelsol\/wp-json\/wp\/v2\/categories?post=7013"},{"taxonomy":"post_tag","embeddable":true,"href":"http:\/\/etchegoyen.cl\/jardinbrisadelsol\/wp-json\/wp\/v2\/tags?post=7013"}],"curies":[{"name":"wp","href":"https:\/\/api.w.org\/{rel}","templated":true}]}}