{"id":7027,"date":"2023-04-26T19:12:34","date_gmt":"2023-04-26T19:12:34","guid":{"rendered":"http:\/\/etchegoyen.cl\/jardinbrisadelsol\/?p=7027"},"modified":"2023-04-26T19:18:41","modified_gmt":"2023-04-26T19:18:41","slug":"cierre-semana-de-la-familia","status":"publish","type":"post","link":"http:\/\/etchegoyen.cl\/jardinbrisadelsol\/2023\/04\/26\/cierre-semana-de-la-familia\/","title":{"rendered":"CIERRE SEMANA DE LA FAMILIA"},"content":{"rendered":"<section class=\"wpb-content-wrapper\"><p>[vc_row][vc_column][vc_column_text]<\/p>\n<p style=\"text-align: justify;\">La semana de la familia culmin\u00f3 con la participaci\u00f3n de los apoderados representando a cada nivel educativo.<\/p>\n<p style=\"text-align: justify;\">Agradecemos una vez m\u00e1s la colaboraci\u00f3n en el proceso educativo de sus hijos e hijas haciendo presente en cada una de las diversas actividades planificadas para esta semana de celebraci\u00f3n.<\/p>\n<p style=\"text-align: justify;\">Como directora tambi\u00e9n extendiendo mis agradecimientos al compromiso y profesionalismo del equipo educativo de la sala cuna y jard\u00edn infantil.<\/p>\n<p>[\/vc_column_text][vc_gallery type=&#8221;image_grid&#8221; images=&#8221;7031,7032,7033,7034,7035,7036,7037,7038&#8243;][\/vc_column][\/vc_row]<\/p>\n<\/section>","protected":false},"excerpt":{"rendered":"<p>[vc_row][vc_column][vc_column_text] La semana de la familia culmin\u00f3 con la participaci\u00f3n de los apoderados representando a cada nivel educativo. Agradecemos una vez m\u00e1s la colaboraci\u00f3n en el proceso educativo&#8230;<\/p>\n","protected":false},"author":1,"featured_media":0,"comment_status":"closed","ping_status":"closed","sticky":false,"template":"","format":"standard","meta":{"footnotes":"","_links_to":"","_links_to_target":""},"categories":[54],"tags":[],"class_list":["post-7027","post","type-post","status-publish","format-standard","hentry","category-noticias"],"_links":{"self":[{"href":"http:\/\/etchegoyen.cl\/jardinbrisadelsol\/wp-json\/wp\/v2\/posts\/7027","targetHints":{"allow":["GET"]}}],"collection":[{"href":"http:\/\/etchegoyen.cl\/jardinbrisadelsol\/wp-json\/wp\/v2\/posts"}],"about":[{"href":"http:\/\/etchegoyen.cl\/jardinbrisadelsol\/wp-json\/wp\/v2\/types\/post"}],"author":[{"embeddable":true,"href":"http:\/\/etchegoyen.cl\/jardinbrisadelsol\/wp-json\/wp\/v2\/users\/1"}],"replies":[{"embeddable":true,"href":"http:\/\/etchegoyen.cl\/jardinbrisadelsol\/wp-json\/wp\/v2\/comments?post=7027"}],"version-history":[{"count":3,"href":"http:\/\/etchegoyen.cl\/jardinbrisadelsol\/wp-json\/wp\/v2\/posts\/7027\/revisions"}],"predecessor-version":[{"id":7030,"href":"http:\/\/etchegoyen.cl\/jardinbrisadelsol\/wp-json\/wp\/v2\/posts\/7027\/revisions\/7030"}],"wp:attachment":[{"href":"http:\/\/etchegoyen.cl\/jardinbrisadelsol\/wp-json\/wp\/v2\/media?parent=7027"}],"wp:term":[{"taxonomy":"category","embeddable":true,"href":"http:\/\/etchegoyen.cl\/jardinbrisadelsol\/wp-json\/wp\/v2\/categories?post=7027"},{"taxonomy":"post_tag","embeddable":true,"href":"http:\/\/etchegoyen.cl\/jardinbrisadelsol\/wp-json\/wp\/v2\/tags?post=7027"}],"curies":[{"name":"wp","href":"https:\/\/api.w.org\/{rel}","templated":true}]}}