{"id":7044,"date":"2023-05-08T15:09:00","date_gmt":"2023-05-08T15:09:00","guid":{"rendered":"http:\/\/etchegoyen.cl\/jardinbrisadelsol\/?p=7044"},"modified":"2023-05-08T15:32:27","modified_gmt":"2023-05-08T15:32:27","slug":"celebracion-dia-internacional-del-libro","status":"publish","type":"post","link":"http:\/\/etchegoyen.cl\/jardinbrisadelsol\/2023\/05\/08\/celebracion-dia-internacional-del-libro\/","title":{"rendered":"CELEBRACI\u00d3N D\u00cdA INTERNACIONAL DEL LIBRO 2023"},"content":{"rendered":"<section class=\"wpb-content-wrapper\"><p>[vc_row][vc_column][vc_column_text]<\/p>\n<p style=\"text-align: justify;\">En Sala Cuna y Jard\u00edn Etchegoyen Brisa del Sol, cada a\u00f1o se celebra el \u201cD\u00eda Mundial del Libro y de los Derechos de Autor\u201d, con el objetivo de fomentar la lectura, adem\u00e1s de dar a conocer el derecho de la propiedad intelectual para el autor de su propia obra literaria.<\/p>\n<p style=\"text-align: justify;\">Es por ello que dentro de la organizaci\u00f3n de la directora y sus educadoras, desde temprano los apoderados fueron recibidos con regalos y decoraciones dentro del establecimiento.<\/p>\n<p style=\"text-align: justify;\">Por otro lado, los ni\u00f1os y ni\u00f1as pudieron leer sus libros favoritos y presentar sus cuentos dise\u00f1ados por ellos mismo, adem\u00e1s las educadoras desarrollaron cuentos actuados por ellas para entretener y llenar de risas este d\u00eda tan especial.<\/p>\n<p>[\/vc_column_text][vc_gallery type=&#8221;image_grid&#8221; images=&#8221;7046,7047,7048,7050,7051,7052,7053,7054&#8243;][vc_column_text]PARA VER LA GALER\u00cdA COMPLETA PINCHE AQU\u00cd: <a href=\"https:\/\/www.facebook.com\/photo?fbid=1689566838138979&amp;set=pcb.1689568974805432\">https:\/\/www.facebook.com\/photo?fbid=1689566838138979&amp;set=pcb.1689568974805432<\/a>[\/vc_column_text][\/vc_column][\/vc_row]<\/p>\n<\/section>","protected":false},"excerpt":{"rendered":"<p>[vc_row][vc_column][vc_column_text] En Sala Cuna y Jard\u00edn Etchegoyen Brisa del Sol, cada a\u00f1o se celebra el \u201cD\u00eda Mundial del Libro y de los Derechos de Autor\u201d, con el objetivo&#8230;<\/p>\n","protected":false},"author":1,"featured_media":0,"comment_status":"closed","ping_status":"closed","sticky":false,"template":"","format":"standard","meta":{"footnotes":"","_links_to":"","_links_to_target":""},"categories":[54],"tags":[],"class_list":["post-7044","post","type-post","status-publish","format-standard","hentry","category-noticias"],"_links":{"self":[{"href":"http:\/\/etchegoyen.cl\/jardinbrisadelsol\/wp-json\/wp\/v2\/posts\/7044","targetHints":{"allow":["GET"]}}],"collection":[{"href":"http:\/\/etchegoyen.cl\/jardinbrisadelsol\/wp-json\/wp\/v2\/posts"}],"about":[{"href":"http:\/\/etchegoyen.cl\/jardinbrisadelsol\/wp-json\/wp\/v2\/types\/post"}],"author":[{"embeddable":true,"href":"http:\/\/etchegoyen.cl\/jardinbrisadelsol\/wp-json\/wp\/v2\/users\/1"}],"replies":[{"embeddable":true,"href":"http:\/\/etchegoyen.cl\/jardinbrisadelsol\/wp-json\/wp\/v2\/comments?post=7044"}],"version-history":[{"count":6,"href":"http:\/\/etchegoyen.cl\/jardinbrisadelsol\/wp-json\/wp\/v2\/posts\/7044\/revisions"}],"predecessor-version":[{"id":7062,"href":"http:\/\/etchegoyen.cl\/jardinbrisadelsol\/wp-json\/wp\/v2\/posts\/7044\/revisions\/7062"}],"wp:attachment":[{"href":"http:\/\/etchegoyen.cl\/jardinbrisadelsol\/wp-json\/wp\/v2\/media?parent=7044"}],"wp:term":[{"taxonomy":"category","embeddable":true,"href":"http:\/\/etchegoyen.cl\/jardinbrisadelsol\/wp-json\/wp\/v2\/categories?post=7044"},{"taxonomy":"post_tag","embeddable":true,"href":"http:\/\/etchegoyen.cl\/jardinbrisadelsol\/wp-json\/wp\/v2\/tags?post=7044"}],"curies":[{"name":"wp","href":"https:\/\/api.w.org\/{rel}","templated":true}]}}