{"id":7063,"date":"2023-05-08T16:38:29","date_gmt":"2023-05-08T16:38:29","guid":{"rendered":"http:\/\/etchegoyen.cl\/jardinbrisadelsol\/?p=7063"},"modified":"2023-05-08T17:55:48","modified_gmt":"2023-05-08T17:55:48","slug":"programa-salud-bucal-sembrando-sonrisas","status":"publish","type":"post","link":"http:\/\/etchegoyen.cl\/jardinbrisadelsol\/2023\/05\/08\/programa-salud-bucal-sembrando-sonrisas\/","title":{"rendered":"PROGRAMA SALUD BUCAL &#8220;SEMBRANDO SONRISAS&#8221; CESFAM LEOCAN PORTUS"},"content":{"rendered":"<section class=\"wpb-content-wrapper\"><p>[vc_row][vc_column][vc_column_text]<\/p>\n<p style=\"text-align: justify;\">En nuestro establecimiento como todos los a\u00f1os se llev\u00f3 a cabo la aplicaci\u00f3n de barniz de fluor del programa salud bucal &#8220;Sembrando Sonrisas&#8221;, Cesfam Leocan Portus, ejecutado por el Ministerio de Salud en conjunto con el Ministerio de Educaci\u00f3n, el cual consiste en un examen bucal y dos aplicaciones de barniz de fluor, adem\u00e1s se entreg\u00f3 un kit consistente en cepillos y pasta dental para prevenir aparici\u00f3n de caries.<\/p>\n<p>[\/vc_column_text][vc_gallery type=&#8221;image_grid&#8221; images=&#8221;7066,7067,7068,7069,7070,7071,7072,7073&#8243;][vc_column_text]PARA VER LA GALER\u00cdA COMPLETA PINCHE AQU\u00cd: <a href=\"https:\/\/www.facebook.com\/photo\/?fbid=1689608618134801&amp;set=pcb.1689611851467811\">https:\/\/www.facebook.com\/photo\/?fbid=1689608618134801&amp;set=pcb.1689611851467811<\/a>[\/vc_column_text][\/vc_column][\/vc_row]<\/p>\n<\/section>","protected":false},"excerpt":{"rendered":"<p>[vc_row][vc_column][vc_column_text] En nuestro establecimiento como todos los a\u00f1os se llev\u00f3 a cabo la aplicaci\u00f3n de barniz de fluor del programa salud bucal &#8220;Sembrando Sonrisas&#8221;, Cesfam Leocan Portus, ejecutado&#8230;<\/p>\n","protected":false},"author":1,"featured_media":0,"comment_status":"closed","ping_status":"closed","sticky":false,"template":"","format":"standard","meta":{"footnotes":"","_links_to":"","_links_to_target":""},"categories":[54],"tags":[],"class_list":["post-7063","post","type-post","status-publish","format-standard","hentry","category-noticias"],"_links":{"self":[{"href":"http:\/\/etchegoyen.cl\/jardinbrisadelsol\/wp-json\/wp\/v2\/posts\/7063","targetHints":{"allow":["GET"]}}],"collection":[{"href":"http:\/\/etchegoyen.cl\/jardinbrisadelsol\/wp-json\/wp\/v2\/posts"}],"about":[{"href":"http:\/\/etchegoyen.cl\/jardinbrisadelsol\/wp-json\/wp\/v2\/types\/post"}],"author":[{"embeddable":true,"href":"http:\/\/etchegoyen.cl\/jardinbrisadelsol\/wp-json\/wp\/v2\/users\/1"}],"replies":[{"embeddable":true,"href":"http:\/\/etchegoyen.cl\/jardinbrisadelsol\/wp-json\/wp\/v2\/comments?post=7063"}],"version-history":[{"count":5,"href":"http:\/\/etchegoyen.cl\/jardinbrisadelsol\/wp-json\/wp\/v2\/posts\/7063\/revisions"}],"predecessor-version":[{"id":7077,"href":"http:\/\/etchegoyen.cl\/jardinbrisadelsol\/wp-json\/wp\/v2\/posts\/7063\/revisions\/7077"}],"wp:attachment":[{"href":"http:\/\/etchegoyen.cl\/jardinbrisadelsol\/wp-json\/wp\/v2\/media?parent=7063"}],"wp:term":[{"taxonomy":"category","embeddable":true,"href":"http:\/\/etchegoyen.cl\/jardinbrisadelsol\/wp-json\/wp\/v2\/categories?post=7063"},{"taxonomy":"post_tag","embeddable":true,"href":"http:\/\/etchegoyen.cl\/jardinbrisadelsol\/wp-json\/wp\/v2\/tags?post=7063"}],"curies":[{"name":"wp","href":"https:\/\/api.w.org\/{rel}","templated":true}]}}