{"id":7103,"date":"2023-05-31T14:46:31","date_gmt":"2023-05-31T14:46:31","guid":{"rendered":"http:\/\/etchegoyen.cl\/jardinbrisadelsol\/?p=7103"},"modified":"2023-05-31T15:04:58","modified_gmt":"2023-05-31T15:04:58","slug":"confecciones-de-acuarios-con-materiales-de-desecho","status":"publish","type":"post","link":"http:\/\/etchegoyen.cl\/jardinbrisadelsol\/2023\/05\/31\/confecciones-de-acuarios-con-materiales-de-desecho\/","title":{"rendered":"CONFECCIONES DE ACUARIOS CON MATERIALES DE DESECHO"},"content":{"rendered":"<section class=\"wpb-content-wrapper\"><p>[vc_row][vc_column][vc_column_text]<\/p>\n<p style=\"text-align: justify;\">Dentro de las actividades del &#8220;Mes del Mar&#8221;, nuestros peque\u00f1os <i><b>Confeccionaron acuarios con materiales de desecho,<\/b><\/i> atendiendo a nuestro sello medio ambiental que tenemos en nuestra unidad educativa, la actividad fue todo un \u00e9xito y nuestros ni\u00f1os y ni\u00f1as rieron y disfrutaron.<\/p>\n<p>[\/vc_column_text][vc_gallery type=&#8221;image_grid&#8221; images=&#8221;7106,7107,7108,7109,7110,7111,7112,7113&#8243;][\/vc_column][\/vc_row]<\/p>\n<\/section>","protected":false},"excerpt":{"rendered":"<p>[vc_row][vc_column][vc_column_text] Dentro de las actividades del &#8220;Mes del Mar&#8221;, nuestros peque\u00f1os Confeccionaron acuarios con materiales de desecho, atendiendo a nuestro sello medio ambiental que tenemos en nuestra unidad&#8230;<\/p>\n","protected":false},"author":1,"featured_media":0,"comment_status":"closed","ping_status":"closed","sticky":false,"template":"","format":"standard","meta":{"footnotes":"","_links_to":"","_links_to_target":""},"categories":[54],"tags":[],"class_list":["post-7103","post","type-post","status-publish","format-standard","hentry","category-noticias"],"_links":{"self":[{"href":"http:\/\/etchegoyen.cl\/jardinbrisadelsol\/wp-json\/wp\/v2\/posts\/7103","targetHints":{"allow":["GET"]}}],"collection":[{"href":"http:\/\/etchegoyen.cl\/jardinbrisadelsol\/wp-json\/wp\/v2\/posts"}],"about":[{"href":"http:\/\/etchegoyen.cl\/jardinbrisadelsol\/wp-json\/wp\/v2\/types\/post"}],"author":[{"embeddable":true,"href":"http:\/\/etchegoyen.cl\/jardinbrisadelsol\/wp-json\/wp\/v2\/users\/1"}],"replies":[{"embeddable":true,"href":"http:\/\/etchegoyen.cl\/jardinbrisadelsol\/wp-json\/wp\/v2\/comments?post=7103"}],"version-history":[{"count":4,"href":"http:\/\/etchegoyen.cl\/jardinbrisadelsol\/wp-json\/wp\/v2\/posts\/7103\/revisions"}],"predecessor-version":[{"id":7116,"href":"http:\/\/etchegoyen.cl\/jardinbrisadelsol\/wp-json\/wp\/v2\/posts\/7103\/revisions\/7116"}],"wp:attachment":[{"href":"http:\/\/etchegoyen.cl\/jardinbrisadelsol\/wp-json\/wp\/v2\/media?parent=7103"}],"wp:term":[{"taxonomy":"category","embeddable":true,"href":"http:\/\/etchegoyen.cl\/jardinbrisadelsol\/wp-json\/wp\/v2\/categories?post=7103"},{"taxonomy":"post_tag","embeddable":true,"href":"http:\/\/etchegoyen.cl\/jardinbrisadelsol\/wp-json\/wp\/v2\/tags?post=7103"}],"curies":[{"name":"wp","href":"https:\/\/api.w.org\/{rel}","templated":true}]}}