{"id":7147,"date":"2023-06-01T12:43:13","date_gmt":"2023-06-01T12:43:13","guid":{"rendered":"http:\/\/etchegoyen.cl\/jardinbrisadelsol\/?p=7147"},"modified":"2023-06-01T13:12:41","modified_gmt":"2023-06-01T13:12:41","slug":"salida-pedagogica-al-monitor-huascar","status":"publish","type":"post","link":"http:\/\/etchegoyen.cl\/jardinbrisadelsol\/2023\/06\/01\/salida-pedagogica-al-monitor-huascar\/","title":{"rendered":"SALIDA PEDAG\u00d3GICA AL MONITOR H\u00daASCAR"},"content":{"rendered":"<section class=\"wpb-content-wrapper\"><p>[vc_row][vc_column][vc_column_text]<\/p>\n<p style=\"text-align: justify;\">Nuestros ni\u00f1os y ni\u00f1as continuando con las celebraciones del &#8220;Mes del Mar&#8221;, realizaron una salida pedag\u00f3gica al Monitor Hu\u00e1scar,\u00a0 aprovechando su cercan\u00eda a esta hermosa pieza cultural, dando por finalizado este proyecto de aula.<\/p>\n<div style=\"text-align: justify;\">Las salidas pedag\u00f3gicas de los niveles medio mayor y salas cunas se posterg\u00f3 para dentro del mes de junio por temas clim\u00e1ticos.<\/div>\n<p>[\/vc_column_text][vc_gallery type=&#8221;image_grid&#8221; images=&#8221;7151,7152,7153,7154,7155,7156,7157,7158&#8243;][\/vc_column][\/vc_row]<\/p>\n<\/section>","protected":false},"excerpt":{"rendered":"<p>[vc_row][vc_column][vc_column_text] Nuestros ni\u00f1os y ni\u00f1as continuando con las celebraciones del &#8220;Mes del Mar&#8221;, realizaron una salida pedag\u00f3gica al Monitor Hu\u00e1scar,\u00a0 aprovechando su cercan\u00eda a esta hermosa pieza cultural,&#8230;<\/p>\n","protected":false},"author":1,"featured_media":0,"comment_status":"closed","ping_status":"closed","sticky":false,"template":"","format":"standard","meta":{"footnotes":"","_links_to":"","_links_to_target":""},"categories":[54],"tags":[],"class_list":["post-7147","post","type-post","status-publish","format-standard","hentry","category-noticias"],"_links":{"self":[{"href":"http:\/\/etchegoyen.cl\/jardinbrisadelsol\/wp-json\/wp\/v2\/posts\/7147","targetHints":{"allow":["GET"]}}],"collection":[{"href":"http:\/\/etchegoyen.cl\/jardinbrisadelsol\/wp-json\/wp\/v2\/posts"}],"about":[{"href":"http:\/\/etchegoyen.cl\/jardinbrisadelsol\/wp-json\/wp\/v2\/types\/post"}],"author":[{"embeddable":true,"href":"http:\/\/etchegoyen.cl\/jardinbrisadelsol\/wp-json\/wp\/v2\/users\/1"}],"replies":[{"embeddable":true,"href":"http:\/\/etchegoyen.cl\/jardinbrisadelsol\/wp-json\/wp\/v2\/comments?post=7147"}],"version-history":[{"count":3,"href":"http:\/\/etchegoyen.cl\/jardinbrisadelsol\/wp-json\/wp\/v2\/posts\/7147\/revisions"}],"predecessor-version":[{"id":7159,"href":"http:\/\/etchegoyen.cl\/jardinbrisadelsol\/wp-json\/wp\/v2\/posts\/7147\/revisions\/7159"}],"wp:attachment":[{"href":"http:\/\/etchegoyen.cl\/jardinbrisadelsol\/wp-json\/wp\/v2\/media?parent=7147"}],"wp:term":[{"taxonomy":"category","embeddable":true,"href":"http:\/\/etchegoyen.cl\/jardinbrisadelsol\/wp-json\/wp\/v2\/categories?post=7147"},{"taxonomy":"post_tag","embeddable":true,"href":"http:\/\/etchegoyen.cl\/jardinbrisadelsol\/wp-json\/wp\/v2\/tags?post=7147"}],"curies":[{"name":"wp","href":"https:\/\/api.w.org\/{rel}","templated":true}]}}