{"id":7176,"date":"2023-06-22T15:01:35","date_gmt":"2023-06-22T15:01:35","guid":{"rendered":"http:\/\/etchegoyen.cl\/jardinbrisadelsol\/?p=7176"},"modified":"2023-06-22T15:09:28","modified_gmt":"2023-06-22T15:09:28","slug":"90-anos-de-la-policia-de-investigaciones","status":"publish","type":"post","link":"http:\/\/etchegoyen.cl\/jardinbrisadelsol\/2023\/06\/22\/90-anos-de-la-policia-de-investigaciones\/","title":{"rendered":"90 A\u00d1OS DE LA POLIC\u00cdA DE INVESTIGACIONES"},"content":{"rendered":"<section class=\"wpb-content-wrapper\"><p>[vc_row][vc_column][vc_column_text]<\/p>\n<p style=\"text-align: justify;\">Como cada a\u00f1o la Sala Cuna y Jard\u00edn Infantil Etchegoyen Brisa del Sol, realiz\u00f3 un acto de conmemoraci\u00f3n a un nuevo aniversario de la Polic\u00eda de Investigaciones de Chile comuna de Talcahuano (90 a\u00f1os), donde se reconoci\u00f3 la gran labor a la comunidad, en esta ocasi\u00f3n tambi\u00e9n se entreg\u00f3 reconocimiento a nuestros apoderados que pertenecen a la instituci\u00f3n.<\/p>\n<p>[\/vc_column_text][vc_gallery type=&#8221;image_grid&#8221; images=&#8221;7180,7181,7182,7183,7184,7185,7186,7187&#8243;][\/vc_column][\/vc_row]<\/p>\n<\/section>","protected":false},"excerpt":{"rendered":"<p>[vc_row][vc_column][vc_column_text] Como cada a\u00f1o la Sala Cuna y Jard\u00edn Infantil Etchegoyen Brisa del Sol, realiz\u00f3 un acto de conmemoraci\u00f3n a un nuevo aniversario de la Polic\u00eda de Investigaciones&#8230;<\/p>\n","protected":false},"author":1,"featured_media":0,"comment_status":"closed","ping_status":"closed","sticky":false,"template":"","format":"standard","meta":{"footnotes":"","_links_to":"","_links_to_target":""},"categories":[54],"tags":[],"class_list":["post-7176","post","type-post","status-publish","format-standard","hentry","category-noticias"],"_links":{"self":[{"href":"http:\/\/etchegoyen.cl\/jardinbrisadelsol\/wp-json\/wp\/v2\/posts\/7176","targetHints":{"allow":["GET"]}}],"collection":[{"href":"http:\/\/etchegoyen.cl\/jardinbrisadelsol\/wp-json\/wp\/v2\/posts"}],"about":[{"href":"http:\/\/etchegoyen.cl\/jardinbrisadelsol\/wp-json\/wp\/v2\/types\/post"}],"author":[{"embeddable":true,"href":"http:\/\/etchegoyen.cl\/jardinbrisadelsol\/wp-json\/wp\/v2\/users\/1"}],"replies":[{"embeddable":true,"href":"http:\/\/etchegoyen.cl\/jardinbrisadelsol\/wp-json\/wp\/v2\/comments?post=7176"}],"version-history":[{"count":4,"href":"http:\/\/etchegoyen.cl\/jardinbrisadelsol\/wp-json\/wp\/v2\/posts\/7176\/revisions"}],"predecessor-version":[{"id":7190,"href":"http:\/\/etchegoyen.cl\/jardinbrisadelsol\/wp-json\/wp\/v2\/posts\/7176\/revisions\/7190"}],"wp:attachment":[{"href":"http:\/\/etchegoyen.cl\/jardinbrisadelsol\/wp-json\/wp\/v2\/media?parent=7176"}],"wp:term":[{"taxonomy":"category","embeddable":true,"href":"http:\/\/etchegoyen.cl\/jardinbrisadelsol\/wp-json\/wp\/v2\/categories?post=7176"},{"taxonomy":"post_tag","embeddable":true,"href":"http:\/\/etchegoyen.cl\/jardinbrisadelsol\/wp-json\/wp\/v2\/tags?post=7176"}],"curies":[{"name":"wp","href":"https:\/\/api.w.org\/{rel}","templated":true}]}}