{"id":7191,"date":"2023-06-22T20:45:39","date_gmt":"2023-06-22T20:45:39","guid":{"rendered":"http:\/\/etchegoyen.cl\/jardinbrisadelsol\/?p=7191"},"modified":"2023-06-22T20:47:58","modified_gmt":"2023-06-22T20:47:58","slug":"celebracion-we-tripantu","status":"publish","type":"post","link":"http:\/\/etchegoyen.cl\/jardinbrisadelsol\/2023\/06\/22\/celebracion-we-tripantu\/","title":{"rendered":"CELEBRACI\u00d3N WE TRIPANTU"},"content":{"rendered":"<section class=\"wpb-content-wrapper\"><p>[vc_row][vc_column][vc_column_text]<\/p>\n<div class=\"x11i5rnm xat24cr x1mh8g0r x1vvkbs xtlvy1s x126k92a\">\n<div dir=\"auto\" style=\"text-align: justify;\">Como cada a\u00f1o la comunidad educativa de nuestra Sala Cuna y Jard\u00edn Infantil Etchegoyen Brisa del Sol celebra el We Tripantu, la llegada del invierno y el renacimiento de la naturaleza.<\/div>\n<div dir=\"auto\" style=\"text-align: justify;\"><\/div>\n<\/div>\n<div class=\"x11i5rnm xat24cr x1mh8g0r x1vvkbs xtlvy1s x126k92a\">\n<div dir=\"auto\" style=\"text-align: justify;\">Los Lactante, P\u00e1rvulos, apoderados y equipo educativo participan con sus vestimentas, compartiendo los alimentos tradicionales de la cultura mapuche preparados por sus familias, conocen los instrumentos musicales como sus costumbres. Adem\u00e1s es una oportunidad para valorar a\u00fan m\u00e1s el cuidado de nuestro medio ambiente.<\/div>\n<\/div>\n<p>[\/vc_column_text][vc_gallery type=&#8221;image_grid&#8221; images=&#8221;7194,7195,7196,7197,7198,7199,7200,7201&#8243;][\/vc_column][\/vc_row]<\/p>\n<\/section>","protected":false},"excerpt":{"rendered":"<p>[vc_row][vc_column][vc_column_text] Como cada a\u00f1o la comunidad educativa de nuestra Sala Cuna y Jard\u00edn Infantil Etchegoyen Brisa del Sol celebra el We Tripantu, la llegada del invierno y el&#8230;<\/p>\n","protected":false},"author":1,"featured_media":0,"comment_status":"closed","ping_status":"closed","sticky":false,"template":"","format":"standard","meta":{"footnotes":"","_links_to":"","_links_to_target":""},"categories":[54],"tags":[],"class_list":["post-7191","post","type-post","status-publish","format-standard","hentry","category-noticias"],"_links":{"self":[{"href":"http:\/\/etchegoyen.cl\/jardinbrisadelsol\/wp-json\/wp\/v2\/posts\/7191","targetHints":{"allow":["GET"]}}],"collection":[{"href":"http:\/\/etchegoyen.cl\/jardinbrisadelsol\/wp-json\/wp\/v2\/posts"}],"about":[{"href":"http:\/\/etchegoyen.cl\/jardinbrisadelsol\/wp-json\/wp\/v2\/types\/post"}],"author":[{"embeddable":true,"href":"http:\/\/etchegoyen.cl\/jardinbrisadelsol\/wp-json\/wp\/v2\/users\/1"}],"replies":[{"embeddable":true,"href":"http:\/\/etchegoyen.cl\/jardinbrisadelsol\/wp-json\/wp\/v2\/comments?post=7191"}],"version-history":[{"count":3,"href":"http:\/\/etchegoyen.cl\/jardinbrisadelsol\/wp-json\/wp\/v2\/posts\/7191\/revisions"}],"predecessor-version":[{"id":7203,"href":"http:\/\/etchegoyen.cl\/jardinbrisadelsol\/wp-json\/wp\/v2\/posts\/7191\/revisions\/7203"}],"wp:attachment":[{"href":"http:\/\/etchegoyen.cl\/jardinbrisadelsol\/wp-json\/wp\/v2\/media?parent=7191"}],"wp:term":[{"taxonomy":"category","embeddable":true,"href":"http:\/\/etchegoyen.cl\/jardinbrisadelsol\/wp-json\/wp\/v2\/categories?post=7191"},{"taxonomy":"post_tag","embeddable":true,"href":"http:\/\/etchegoyen.cl\/jardinbrisadelsol\/wp-json\/wp\/v2\/tags?post=7191"}],"curies":[{"name":"wp","href":"https:\/\/api.w.org\/{rel}","templated":true}]}}