{"id":7227,"date":"2023-07-19T18:27:10","date_gmt":"2023-07-19T18:27:10","guid":{"rendered":"http:\/\/etchegoyen.cl\/jardinbrisadelsol\/?p=7227"},"modified":"2023-07-19T18:29:19","modified_gmt":"2023-07-19T18:29:19","slug":"taller-de-orientacion","status":"publish","type":"post","link":"http:\/\/etchegoyen.cl\/jardinbrisadelsol\/2023\/07\/19\/taller-de-orientacion\/","title":{"rendered":"TALLER DE ORIENTACI\u00d3N"},"content":{"rendered":"<section class=\"wpb-content-wrapper\"><p>[vc_row][vc_column][vc_column_text]<\/p>\n<div class=\"x11i5rnm xat24cr x1mh8g0r x1vvkbs xtlvy1s x126k92a\">\n<div dir=\"auto\">Durante los meses de junio y julio la comunidad educativa de nuestra Sala Cuna y Jard\u00edn Infantil Etchegoyen Brisa del Sol particip\u00f3 del proceso de implementaci\u00f3n de la Visita de Evaluaci\u00f3n y Orientaci\u00f3n efectuada por la Agencia de Calidad de la Educaci\u00f3n.<\/div>\n<div dir=\"auto\"><\/div>\n<div dir=\"auto\"><\/div>\n<\/div>\n<div class=\"x11i5rnm xat24cr x1mh8g0r x1vvkbs xtlvy1s x126k92a\">\n<div dir=\"auto\">Este proceso tiene como objetivo evaluar y orientar la gesti\u00f3n de los centros educativos que imparten educaci\u00f3n parvularia, a partir del an\u00e1lisis de informaci\u00f3n propia de su contexto y la reflexi\u00f3n conjunta con la comunidad.<\/div>\n<div dir=\"auto\"><\/div>\n<div dir=\"auto\"><\/div>\n<\/div>\n<div class=\"x11i5rnm xat24cr x1mh8g0r x1vvkbs xtlvy1s x126k92a\">\n<div dir=\"auto\">El d\u00eda de ayer se llev\u00f3 a cabo el Taller de Orientaci\u00f3n, en la cual se abordaron las distintas \u00e1reas de gesti\u00f3n de la Sala Cuna, participaron las evaluadoras de la agencia de calidad Alejandra Carrasco U. y Lilian Palma P.; las T\u00e9cnicas en Educaci\u00f3n de P\u00e1rvulos Carolina Mardones M y Fernanda Salas C., la Educadoras de P\u00e1rvulos Evelyn Carrasco T., y B\u00e1rbara Araneda R., la directora de la unidad educativa Karen Henr\u00edquez B., y el gerente acad\u00e9mico de la Corporaci\u00f3n Sr. Nelson Vergara B.<\/div>\n<\/div>\n<p>[\/vc_column_text][vc_gallery type=&#8221;image_grid&#8221; images=&#8221;7229,7230&#8243; img_size=&#8221;full&#8221;][\/vc_column][\/vc_row]<\/p>\n<\/section>","protected":false},"excerpt":{"rendered":"<p>[vc_row][vc_column][vc_column_text] Durante los meses de junio y julio la comunidad educativa de nuestra Sala Cuna y Jard\u00edn Infantil Etchegoyen Brisa del Sol particip\u00f3 del proceso de implementaci\u00f3n de&#8230;<\/p>\n","protected":false},"author":1,"featured_media":0,"comment_status":"closed","ping_status":"closed","sticky":false,"template":"","format":"standard","meta":{"footnotes":"","_links_to":"","_links_to_target":""},"categories":[54],"tags":[],"class_list":["post-7227","post","type-post","status-publish","format-standard","hentry","category-noticias"],"_links":{"self":[{"href":"http:\/\/etchegoyen.cl\/jardinbrisadelsol\/wp-json\/wp\/v2\/posts\/7227","targetHints":{"allow":["GET"]}}],"collection":[{"href":"http:\/\/etchegoyen.cl\/jardinbrisadelsol\/wp-json\/wp\/v2\/posts"}],"about":[{"href":"http:\/\/etchegoyen.cl\/jardinbrisadelsol\/wp-json\/wp\/v2\/types\/post"}],"author":[{"embeddable":true,"href":"http:\/\/etchegoyen.cl\/jardinbrisadelsol\/wp-json\/wp\/v2\/users\/1"}],"replies":[{"embeddable":true,"href":"http:\/\/etchegoyen.cl\/jardinbrisadelsol\/wp-json\/wp\/v2\/comments?post=7227"}],"version-history":[{"count":4,"href":"http:\/\/etchegoyen.cl\/jardinbrisadelsol\/wp-json\/wp\/v2\/posts\/7227\/revisions"}],"predecessor-version":[{"id":7234,"href":"http:\/\/etchegoyen.cl\/jardinbrisadelsol\/wp-json\/wp\/v2\/posts\/7227\/revisions\/7234"}],"wp:attachment":[{"href":"http:\/\/etchegoyen.cl\/jardinbrisadelsol\/wp-json\/wp\/v2\/media?parent=7227"}],"wp:term":[{"taxonomy":"category","embeddable":true,"href":"http:\/\/etchegoyen.cl\/jardinbrisadelsol\/wp-json\/wp\/v2\/categories?post=7227"},{"taxonomy":"post_tag","embeddable":true,"href":"http:\/\/etchegoyen.cl\/jardinbrisadelsol\/wp-json\/wp\/v2\/tags?post=7227"}],"curies":[{"name":"wp","href":"https:\/\/api.w.org\/{rel}","templated":true}]}}