{"id":7236,"date":"2023-08-02T18:38:27","date_gmt":"2023-08-02T18:38:27","guid":{"rendered":"http:\/\/etchegoyen.cl\/jardinbrisadelsol\/?p=7236"},"modified":"2023-08-02T18:43:38","modified_gmt":"2023-08-02T18:43:38","slug":"semana-mundial-de-la-lactancia-materna","status":"publish","type":"post","link":"http:\/\/etchegoyen.cl\/jardinbrisadelsol\/2023\/08\/02\/semana-mundial-de-la-lactancia-materna\/","title":{"rendered":"SEMANA MUNDIAL DE LA LACTANCIA MATERNA"},"content":{"rendered":"<section class=\"wpb-content-wrapper\"><p>[vc_row][vc_column][vc_column_text]<b>Del 1 al 7 de agosto, se celebra la Semana Mundial de la Lactancia Materna, es por esto que en Jard\u00edn Brisa del Sol, Facilitamos la lactancia materna, marcando la diferencia para las madres y padres que trabajan <\/b>.<\/p>\n<p>TESTIMONIOS:<\/p>\n<p>Sra Alexandra Rojas, Madre de Amparo Garrido Rojas (Nivel Sala Cuna<br \/>\nMenor):<\/p>\n<p>\u201cMi experiencia en la L.M ha sido enriquecedora principalmente, tengo 3 hijos y a los tres los he podido lactar hasta los dos a\u00f1os. Amparo actualmente tiene 1 a\u00f1o y 3 meses y ella aun continua. Para todos fue lactancia materna exclusiva, a excepci\u00f3n de amparo. Sin embargo, ha sido la mejor opci\u00f3n, ya que me he dado cuenta que el apego que formamos y que somos capaces de hacer es incre\u00edble. Noto tambi\u00e9n que los ha ayudado en su sistema inmunol\u00f3gico. Puede ser un proceso cansador en ciertos momentos, pero enriquecedor en m\u00faltiples sentidos.<\/p>\n<p>Con respecto al espacio y la sala de amamantamiento de la Sala Cuna la considero un espacio c\u00f3modo, acogedor, que es lo que realmente necesita una mam\u00e1 en este<br \/>\nproceso, privacidad junto a su peque\u00f1o\/a, poder descansar, estar en un ambiente c\u00e1lido, a mi parecer este ambiente lo tiene todo\u201d<\/p>\n<p>\uf0a0 Sra Camila Mu\u00f1oz, madre de Trinidad Olivares Mu\u00f1oz (Nivel Sala Cuna<br \/>\nMenor):<\/p>\n<p>\u201cPara m\u00ed la lactancia materna ha sido crear un v\u00ednculo mam\u00e1 e hija, son miradas, emociones que se transmiten a trav\u00e9s de algo natural. Es algo gratificante para ambas y lo mejor de todo es poder transmitirle vitaminas, y para m\u00ed lo mejor de ser mam\u00e1. Es lindo poder darle un pedacito de uno a nuestros hijos. Con respecto a la sala de amamantamiento de la sala Cuna me parece una sala muy adecuada, me transmite paz, calidez. Yo la utilice en el periodo de adaptaci\u00f3n de mi hija y nos ayud\u00f3 bastante.\u201d[\/vc_column_text][vc_gallery type=&#8221;image_grid&#8221; images=&#8221;7240,7241,7242,7243,7244,7245,7246,7247&#8243;][\/vc_column][\/vc_row]<\/p>\n<\/section>","protected":false},"excerpt":{"rendered":"<p>[vc_row][vc_column][vc_column_text]Del 1 al 7 de agosto, se celebra la Semana Mundial de la Lactancia Materna, es por esto que en Jard\u00edn Brisa del Sol, Facilitamos la lactancia materna,&#8230;<\/p>\n","protected":false},"author":1,"featured_media":0,"comment_status":"closed","ping_status":"closed","sticky":false,"template":"","format":"standard","meta":{"footnotes":"","_links_to":"","_links_to_target":""},"categories":[54],"tags":[],"class_list":["post-7236","post","type-post","status-publish","format-standard","hentry","category-noticias"],"_links":{"self":[{"href":"http:\/\/etchegoyen.cl\/jardinbrisadelsol\/wp-json\/wp\/v2\/posts\/7236","targetHints":{"allow":["GET"]}}],"collection":[{"href":"http:\/\/etchegoyen.cl\/jardinbrisadelsol\/wp-json\/wp\/v2\/posts"}],"about":[{"href":"http:\/\/etchegoyen.cl\/jardinbrisadelsol\/wp-json\/wp\/v2\/types\/post"}],"author":[{"embeddable":true,"href":"http:\/\/etchegoyen.cl\/jardinbrisadelsol\/wp-json\/wp\/v2\/users\/1"}],"replies":[{"embeddable":true,"href":"http:\/\/etchegoyen.cl\/jardinbrisadelsol\/wp-json\/wp\/v2\/comments?post=7236"}],"version-history":[{"count":3,"href":"http:\/\/etchegoyen.cl\/jardinbrisadelsol\/wp-json\/wp\/v2\/posts\/7236\/revisions"}],"predecessor-version":[{"id":7248,"href":"http:\/\/etchegoyen.cl\/jardinbrisadelsol\/wp-json\/wp\/v2\/posts\/7236\/revisions\/7248"}],"wp:attachment":[{"href":"http:\/\/etchegoyen.cl\/jardinbrisadelsol\/wp-json\/wp\/v2\/media?parent=7236"}],"wp:term":[{"taxonomy":"category","embeddable":true,"href":"http:\/\/etchegoyen.cl\/jardinbrisadelsol\/wp-json\/wp\/v2\/categories?post=7236"},{"taxonomy":"post_tag","embeddable":true,"href":"http:\/\/etchegoyen.cl\/jardinbrisadelsol\/wp-json\/wp\/v2\/tags?post=7236"}],"curies":[{"name":"wp","href":"https:\/\/api.w.org\/{rel}","templated":true}]}}