{"id":7249,"date":"2023-08-07T19:05:12","date_gmt":"2023-08-07T19:05:12","guid":{"rendered":"http:\/\/etchegoyen.cl\/jardinbrisadelsol\/?p=7249"},"modified":"2023-08-07T19:07:04","modified_gmt":"2023-08-07T19:07:04","slug":"taller-de-competencias-parentales","status":"publish","type":"post","link":"http:\/\/etchegoyen.cl\/jardinbrisadelsol\/2023\/08\/07\/taller-de-competencias-parentales\/","title":{"rendered":"TALLER DE COMPETENCIAS PARENTALES"},"content":{"rendered":"<section class=\"wpb-content-wrapper\"><p>[vc_row][vc_column][vc_column_text]<\/p>\n<p style=\"text-align: justify;\">Con el objetivo de colaborar desde diferentes disciplinas con conocimientos y estrategias para enriquecer la crianza de las familias a sus hijos e hijas, nuestra Sala Cuna y Jard\u00edn Infantil Etchegoyen Brisa del Sol gestion\u00f3 con la OPD de la comuna de Talcahuano, un Taller de Competencias parentales, en esta oportunidad nos acompa\u00f1aron la psic\u00f3loga Srta. Tayna Ramirez Molina y la asistente social Srta. Johanna Utreras Guzm\u00e1n, quien dirigi\u00f3 el taller.<\/p>\n<p>[\/vc_column_text][vc_gallery type=&#8221;image_grid&#8221; images=&#8221;7251,7252,7253,7254,7255,7257,7258,7259&#8243;][\/vc_column][\/vc_row]<\/p>\n<\/section>","protected":false},"excerpt":{"rendered":"<p>[vc_row][vc_column][vc_column_text] Con el objetivo de colaborar desde diferentes disciplinas con conocimientos y estrategias para enriquecer la crianza de las familias a sus hijos e hijas, nuestra Sala Cuna&#8230;<\/p>\n","protected":false},"author":1,"featured_media":0,"comment_status":"closed","ping_status":"closed","sticky":false,"template":"","format":"standard","meta":{"footnotes":"","_links_to":"","_links_to_target":""},"categories":[54],"tags":[],"class_list":["post-7249","post","type-post","status-publish","format-standard","hentry","category-noticias"],"_links":{"self":[{"href":"http:\/\/etchegoyen.cl\/jardinbrisadelsol\/wp-json\/wp\/v2\/posts\/7249","targetHints":{"allow":["GET"]}}],"collection":[{"href":"http:\/\/etchegoyen.cl\/jardinbrisadelsol\/wp-json\/wp\/v2\/posts"}],"about":[{"href":"http:\/\/etchegoyen.cl\/jardinbrisadelsol\/wp-json\/wp\/v2\/types\/post"}],"author":[{"embeddable":true,"href":"http:\/\/etchegoyen.cl\/jardinbrisadelsol\/wp-json\/wp\/v2\/users\/1"}],"replies":[{"embeddable":true,"href":"http:\/\/etchegoyen.cl\/jardinbrisadelsol\/wp-json\/wp\/v2\/comments?post=7249"}],"version-history":[{"count":3,"href":"http:\/\/etchegoyen.cl\/jardinbrisadelsol\/wp-json\/wp\/v2\/posts\/7249\/revisions"}],"predecessor-version":[{"id":7261,"href":"http:\/\/etchegoyen.cl\/jardinbrisadelsol\/wp-json\/wp\/v2\/posts\/7249\/revisions\/7261"}],"wp:attachment":[{"href":"http:\/\/etchegoyen.cl\/jardinbrisadelsol\/wp-json\/wp\/v2\/media?parent=7249"}],"wp:term":[{"taxonomy":"category","embeddable":true,"href":"http:\/\/etchegoyen.cl\/jardinbrisadelsol\/wp-json\/wp\/v2\/categories?post=7249"},{"taxonomy":"post_tag","embeddable":true,"href":"http:\/\/etchegoyen.cl\/jardinbrisadelsol\/wp-json\/wp\/v2\/tags?post=7249"}],"curies":[{"name":"wp","href":"https:\/\/api.w.org\/{rel}","templated":true}]}}