{"id":7265,"date":"2023-08-16T12:47:12","date_gmt":"2023-08-16T12:47:12","guid":{"rendered":"http:\/\/etchegoyen.cl\/jardinbrisadelsol\/?p=7265"},"modified":"2023-08-16T14:11:32","modified_gmt":"2023-08-16T14:11:32","slug":"5-aniversario-de-la-segunda-compania-de-bomberos-zapadores","status":"publish","type":"post","link":"http:\/\/etchegoyen.cl\/jardinbrisadelsol\/2023\/08\/16\/5-aniversario-de-la-segunda-compania-de-bomberos-zapadores\/","title":{"rendered":"5\u00b0 ANIVERSARIO DE LA SEGUNDA COMPA\u00d1\u00cdA  DE BOMBEROS ZAPADORES"},"content":{"rendered":"<section class=\"wpb-content-wrapper\"><p>[vc_row][vc_column][vc_column_text]Nuestro Jard\u00edn Etchegoyen Brisa del Sol, fue a celebrar el 5\u00ba Aniversario de la Segunda Compa\u00f1\u00eda de Bomberos Zapadores, Dicha actividad se llev\u00f3 a cabo el jueves 10 de agosto, a las 20:30 horas, en el cuartel de la compa\u00f1\u00eda. El Jard\u00edn fue invitado por parte de la red de colaboraci\u00f3n de la comunidad de Brisas.[\/vc_column_text][vc_gallery type=&#8221;image_grid&#8221; images=&#8221;7268,7269,7270,7271,7272,7273,7274,7275&#8243;][\/vc_column][\/vc_row]<\/p>\n<\/section>","protected":false},"excerpt":{"rendered":"<p>[vc_row][vc_column][vc_column_text]Nuestro Jard\u00edn Etchegoyen Brisa del Sol, fue a celebrar el 5\u00ba Aniversario de la Segunda Compa\u00f1\u00eda de Bomberos Zapadores, Dicha actividad se llev\u00f3 a cabo el jueves 10&#8230;<\/p>\n","protected":false},"author":1,"featured_media":0,"comment_status":"closed","ping_status":"closed","sticky":false,"template":"","format":"standard","meta":{"footnotes":"","_links_to":"","_links_to_target":""},"categories":[54],"tags":[],"class_list":["post-7265","post","type-post","status-publish","format-standard","hentry","category-noticias"],"_links":{"self":[{"href":"http:\/\/etchegoyen.cl\/jardinbrisadelsol\/wp-json\/wp\/v2\/posts\/7265","targetHints":{"allow":["GET"]}}],"collection":[{"href":"http:\/\/etchegoyen.cl\/jardinbrisadelsol\/wp-json\/wp\/v2\/posts"}],"about":[{"href":"http:\/\/etchegoyen.cl\/jardinbrisadelsol\/wp-json\/wp\/v2\/types\/post"}],"author":[{"embeddable":true,"href":"http:\/\/etchegoyen.cl\/jardinbrisadelsol\/wp-json\/wp\/v2\/users\/1"}],"replies":[{"embeddable":true,"href":"http:\/\/etchegoyen.cl\/jardinbrisadelsol\/wp-json\/wp\/v2\/comments?post=7265"}],"version-history":[{"count":4,"href":"http:\/\/etchegoyen.cl\/jardinbrisadelsol\/wp-json\/wp\/v2\/posts\/7265\/revisions"}],"predecessor-version":[{"id":7279,"href":"http:\/\/etchegoyen.cl\/jardinbrisadelsol\/wp-json\/wp\/v2\/posts\/7265\/revisions\/7279"}],"wp:attachment":[{"href":"http:\/\/etchegoyen.cl\/jardinbrisadelsol\/wp-json\/wp\/v2\/media?parent=7265"}],"wp:term":[{"taxonomy":"category","embeddable":true,"href":"http:\/\/etchegoyen.cl\/jardinbrisadelsol\/wp-json\/wp\/v2\/categories?post=7265"},{"taxonomy":"post_tag","embeddable":true,"href":"http:\/\/etchegoyen.cl\/jardinbrisadelsol\/wp-json\/wp\/v2\/tags?post=7265"}],"curies":[{"name":"wp","href":"https:\/\/api.w.org\/{rel}","templated":true}]}}