{"id":7281,"date":"2023-08-21T20:17:38","date_gmt":"2023-08-21T20:17:38","guid":{"rendered":"http:\/\/etchegoyen.cl\/jardinbrisadelsol\/?p=7281"},"modified":"2023-08-21T20:19:54","modified_gmt":"2023-08-21T20:19:54","slug":"dia-de-la-ninez","status":"publish","type":"post","link":"http:\/\/etchegoyen.cl\/jardinbrisadelsol\/2023\/08\/21\/dia-de-la-ninez\/","title":{"rendered":"D\u00cdA DE LA NI\u00d1EZ"},"content":{"rendered":"<section class=\"wpb-content-wrapper\"><p>[vc_row][vc_column][vc_column_text]<\/p>\n<p style=\"text-align: justify;\">En el d\u00eda de la ni\u00f1ez como Sala Cuna y Jard\u00edn Infantil Etchegoyen Brisa del Sol,\u00a0reforzamos nuestro compromiso con nuestros lactantes y p\u00e1rvulos, brind\u00e1ndoles espacios bien tratantes, seguros y pertinentes para su desarrollo.<\/p>\n<p style=\"text-align: justify;\">Hoy les celebramos con n\u00fameros art\u00edsticos\u00a0del Circo: magia, equilibrio, malabares y payasitas. Ellos y ellas junto a sus familias disfrutaron de cada momento.<\/p>\n<p>[\/vc_column_text][vc_gallery type=&#8221;image_grid&#8221; images=&#8221;7285,7286,7287,7288,7289,7290,7291,7283&#8243;][\/vc_column][\/vc_row]<\/p>\n<\/section>","protected":false},"excerpt":{"rendered":"<p>[vc_row][vc_column][vc_column_text] En el d\u00eda de la ni\u00f1ez como Sala Cuna y Jard\u00edn Infantil Etchegoyen Brisa del Sol,\u00a0reforzamos nuestro compromiso con nuestros lactantes y p\u00e1rvulos, brind\u00e1ndoles espacios bien tratantes,&#8230;<\/p>\n","protected":false},"author":1,"featured_media":0,"comment_status":"closed","ping_status":"closed","sticky":false,"template":"","format":"standard","meta":{"footnotes":"","_links_to":"","_links_to_target":""},"categories":[54],"tags":[],"class_list":["post-7281","post","type-post","status-publish","format-standard","hentry","category-noticias"],"_links":{"self":[{"href":"http:\/\/etchegoyen.cl\/jardinbrisadelsol\/wp-json\/wp\/v2\/posts\/7281","targetHints":{"allow":["GET"]}}],"collection":[{"href":"http:\/\/etchegoyen.cl\/jardinbrisadelsol\/wp-json\/wp\/v2\/posts"}],"about":[{"href":"http:\/\/etchegoyen.cl\/jardinbrisadelsol\/wp-json\/wp\/v2\/types\/post"}],"author":[{"embeddable":true,"href":"http:\/\/etchegoyen.cl\/jardinbrisadelsol\/wp-json\/wp\/v2\/users\/1"}],"replies":[{"embeddable":true,"href":"http:\/\/etchegoyen.cl\/jardinbrisadelsol\/wp-json\/wp\/v2\/comments?post=7281"}],"version-history":[{"count":3,"href":"http:\/\/etchegoyen.cl\/jardinbrisadelsol\/wp-json\/wp\/v2\/posts\/7281\/revisions"}],"predecessor-version":[{"id":7293,"href":"http:\/\/etchegoyen.cl\/jardinbrisadelsol\/wp-json\/wp\/v2\/posts\/7281\/revisions\/7293"}],"wp:attachment":[{"href":"http:\/\/etchegoyen.cl\/jardinbrisadelsol\/wp-json\/wp\/v2\/media?parent=7281"}],"wp:term":[{"taxonomy":"category","embeddable":true,"href":"http:\/\/etchegoyen.cl\/jardinbrisadelsol\/wp-json\/wp\/v2\/categories?post=7281"},{"taxonomy":"post_tag","embeddable":true,"href":"http:\/\/etchegoyen.cl\/jardinbrisadelsol\/wp-json\/wp\/v2\/tags?post=7281"}],"curies":[{"name":"wp","href":"https:\/\/api.w.org\/{rel}","templated":true}]}}